{"id":2106,"date":"2023-11-07T20:32:42","date_gmt":"2023-11-07T19:32:42","guid":{"rendered":"https:\/\/utwstarachowice.pl\/2023\/11\/07\/ptaki-polskich-parkow-i-ogrodow\/"},"modified":"2023-11-07T20:32:42","modified_gmt":"2023-11-07T19:32:42","slug":"ptaki-polskich-parkow-i-ogrodow","status":"publish","type":"post","link":"https:\/\/utwstarachowice.pl\/?p=2106","title":{"rendered":"Ptaki polskich park\u00f3w i ogrod\u00f3w"},"content":{"rendered":"<p><span class=\"x193iq5w xeuugli x13faqbe x1vvkbs x1xmvt09 x1lliihq x1s928wv xhkezso x1gmr53x x1cpjm7i x1fgarty x1943h6x xudqn12 x3x7a5m x6prxxf xvq8zen xo1l8bm xzsf02u x1yc453h\" dir=\"auto\">Dzi\u015b 7.11.2023r. w sekcji Eko-Ogr\u00f3d odby\u0142 si\u0119 kolejny wyk\u0142ad naszej kole\u017canki Krystyny Dutkiewicz. Tematem wyk\u0142adu to &#8222;Ptaki polskich park\u00f3w i ogrod\u00f3w&#8221;. Dowiedzieli\u015bmy si\u0119 jak wiele jest gatunk\u00f3w, jak wygl\u0105daj\u0105 i czym powinni\u015bmy je dokarmia\u0107.<img decoding=\"async\" class=\" size-full wp-image-2102\" src=\"https:\/\/utwstarachowice.pl\/wp-content\/uploads\/2023\/11\/IMG_20231107_100610-scaled.jpg\" border=\"0\" width=\"512\" style=\"display: block; margin-left: auto; margin-right: auto;\" \/><img decoding=\"async\" class=\" size-full wp-image-2103\" src=\"https:\/\/utwstarachowice.pl\/wp-content\/uploads\/2023\/11\/IMG_20231107_1005552-scaled.jpg\" border=\"0\" width=\"512\" style=\"display: block; margin-left: auto; margin-right: auto;\" \/><img decoding=\"async\" class=\" size-full wp-image-2104\" src=\"https:\/\/utwstarachowice.pl\/wp-content\/uploads\/2023\/11\/IMG_20231107_100600-scaled.jpg\" border=\"0\" width=\"512\" style=\"display: block; margin-left: auto; margin-right: auto;\" \/><img decoding=\"async\" class=\" size-full wp-image-2105\" src=\"https:\/\/utwstarachowice.pl\/wp-content\/uploads\/2023\/11\/IMG_20231107_1006002-scaled.jpg\" border=\"0\" width=\"512\" style=\"display: block; margin-left: auto; margin-right: auto;\" \/><\/span><\/p>\n","protected":false},"excerpt":{"rendered":"<p>Dzi\u015b 7.11.2023r. w sekcji Eko-Ogr\u00f3d odby\u0142 si\u0119 kolejny wyk\u0142ad naszej kole\u017canki Krystyny Dutkiewicz. Tematem wyk\u0142adu to &#8222;Ptaki polskich park\u00f3w i &hellip;<\/p>\n","protected":false},"author":3,"featured_media":2102,"comment_status":"open","ping_status":"open","sticky":true,"template":"","format":"standard","meta":{"footnotes":""},"categories":[2],"tags":[],"_links":{"self":[{"href":"https:\/\/utwstarachowice.pl\/index.php?rest_route=\/wp\/v2\/posts\/2106"}],"collection":[{"href":"https:\/\/utwstarachowice.pl\/index.php?rest_route=\/wp\/v2\/posts"}],"about":[{"href":"https:\/\/utwstarachowice.pl\/index.php?rest_route=\/wp\/v2\/types\/post"}],"author":[{"embeddable":true,"href":"https:\/\/utwstarachowice.pl\/index.php?rest_route=\/wp\/v2\/users\/3"}],"replies":[{"embeddable":true,"href":"https:\/\/utwstarachowice.pl\/index.php?rest_route=%2Fwp%2Fv2%2Fcomments&post=2106"}],"version-history":[{"count":0,"href":"https:\/\/utwstarachowice.pl\/index.php?rest_route=\/wp\/v2\/posts\/2106\/revisions"}],"wp:featuredmedia":[{"embeddable":true,"href":"https:\/\/utwstarachowice.pl\/index.php?rest_route=\/"}],"wp:attachment":[{"href":"https:\/\/utwstarachowice.pl\/index.php?rest_route=%2Fwp%2Fv2%2Fmedia&parent=2106"}],"wp:term":[{"taxonomy":"category","embeddable":true,"href":"https:\/\/utwstarachowice.pl\/index.php?rest_route=%2Fwp%2Fv2%2Fcategories&post=2106"},{"taxonomy":"post_tag","embeddable":true,"href":"https:\/\/utwstarachowice.pl\/index.php?rest_route=%2Fwp%2Fv2%2Ftags&post=2106"}],"curies":[{"name":"wp","href":"https:\/\/api.w.org\/{rel}","templated":true}]}}