{"id":2101,"date":"2023-11-07T19:37:03","date_gmt":"2023-11-07T18:37:03","guid":{"rendered":"https:\/\/utwstarachowice.pl\/2023\/11\/07\/posiedzenie-pos-7-11-2023r\/"},"modified":"2023-11-07T19:37:03","modified_gmt":"2023-11-07T18:37:03","slug":"posiedzenie-pos-7-11-2023r","status":"publish","type":"post","link":"https:\/\/utwstarachowice.pl\/?p=2101","title":{"rendered":"Posiedzenie POS 7.11.2023r."},"content":{"rendered":"<p style=\"text-align: center;\"><span class=\"x193iq5w xeuugli x13faqbe x1vvkbs x1xmvt09 x1lliihq x1s928wv xhkezso x1gmr53x x1cpjm7i x1fgarty x1943h6x xudqn12 x3x7a5m x6prxxf xvq8zen xo1l8bm xzsf02u x1yc453h\" dir=\"auto\">Dzisiaj w siedzibie UTW w Starachowicach z inicjatywy p. Zbigniewa Tomczaka odby\u0142o si\u0119 Posiedzenie Obywatelskiego Parlamentu Senior\u00f3w. W spotkaniu uczestniczyli przewodnicz\u0105cy OPS p. Zbigniew Tomczak z Warszawy, p .Nina \u0141ucak wiceprzewodnicz\u0105ca OPS Delegatury \u015awi\u0119tokrzyskiej w Kielcach oraz Delegaci OPS \u017ce Skar\u017cyska-Kam., Ostrowca \u015awi\u0119tokrzyskiego, Opatowa oraz \u017ce Starachowic. Powita\u0142 Go\u015bci i otworzy\u0142 zebranie przewodnicz\u0105cy OPS Delegatury \u015awi\u0119tokrzyskiej p. Jerzy Krawczyk, kt\u00f3ry <a><\/a>nast\u0119pnie odda\u0142 przewodnictwo zebrania p. Ninie \u0141ucak. Spotkanie przebiega\u0142o w formie dyskusji. Pan Zbigniew Tomczyk obja\u015bni\u0142 zasady prawne funkcjonowania Stowarzyszenia OPS oraz Ruchu Spo\u0142ecznego OPS. W\u015br\u00f3d delegat\u00f3w byli przedstawiciele Uniwersytet\u00f3w Trzeciego Wieku, Rad Senior\u00f3w. Uczestnicy rozmawiali o problemach dotycz\u0105cych Senior\u00f3w i o mo\u017cliwo\u015bciach ich rozwi\u0105zania. Spotkanie okaza\u0142o si\u0119 bardzo owocne, zosta\u0142o wysuni\u0119tych wiele wniosk\u00f3w i rekomendacji.<img decoding=\"async\" class=\" size-full wp-image-2091\" src=\"https:\/\/utwstarachowice.pl\/wp-content\/uploads\/2023\/11\/received_357146123366222-scaled.jpeg\" border=\"0\" width=\"512\" style=\"display: block; margin-left: auto; margin-right: auto;\" \/><img decoding=\"async\" class=\" size-full wp-image-2092\" src=\"https:\/\/utwstarachowice.pl\/wp-content\/uploads\/2023\/11\/received_814532323687664-1-scaled.jpeg\" border=\"0\" width=\"512\" style=\"display: block; margin-left: auto; margin-right: auto;\" \/><img decoding=\"async\" class=\" size-full wp-image-2093\" src=\"https:\/\/utwstarachowice.pl\/wp-content\/uploads\/2023\/11\/received_1589997181805467-scaled.jpeg\" border=\"0\" width=\"512\" style=\"display: block; margin-left: auto; margin-right: auto;\" \/><img decoding=\"async\" class=\" size-full wp-image-2094\" src=\"https:\/\/utwstarachowice.pl\/wp-content\/uploads\/2023\/11\/received_1081405996358194-scaled.jpeg\" border=\"0\" width=\"512\" \/><img decoding=\"async\" class=\" size-full wp-image-2095\" src=\"https:\/\/utwstarachowice.pl\/wp-content\/uploads\/2023\/11\/received_1037919064016642-scaled.jpeg\" border=\"0\" width=\"512\" \/><img decoding=\"async\" class=\" size-full wp-image-2096\" src=\"https:\/\/utwstarachowice.pl\/wp-content\/uploads\/2023\/11\/received_1131568874476347-scaled.jpeg\" border=\"0\" width=\"512\" \/><img decoding=\"async\" class=\" size-full wp-image-2097\" src=\"https:\/\/utwstarachowice.pl\/wp-content\/uploads\/2023\/11\/received_301852712802416-scaled.jpeg\" border=\"0\" width=\"512\" \/><img decoding=\"async\" class=\" size-full wp-image-2098\" src=\"https:\/\/utwstarachowice.pl\/wp-content\/uploads\/2023\/11\/received_1377930259783602-scaled.jpeg\" border=\"0\" width=\"512\" \/><img decoding=\"async\" class=\" size-full wp-image-2099\" src=\"https:\/\/utwstarachowice.pl\/wp-content\/uploads\/2023\/11\/received_303252869187731.jpeg\" border=\"0\" width=\"512\" \/><img decoding=\"async\" class=\" size-full wp-image-2100\" src=\"https:\/\/utwstarachowice.pl\/wp-content\/uploads\/2023\/11\/received_274556852249976-scaled.jpeg\" border=\"0\" width=\"512\" \/><\/span><\/p>\n","protected":false},"excerpt":{"rendered":"<p>Dzisiaj w siedzibie UTW w Starachowicach z inicjatywy p. Zbigniewa Tomczaka odby\u0142o si\u0119 Posiedzenie Obywatelskiego Parlamentu Senior\u00f3w. W spotkaniu uczestniczyli &hellip;<\/p>\n","protected":false},"author":3,"featured_media":2091,"comment_status":"open","ping_status":"open","sticky":true,"template":"","format":"standard","meta":{"footnotes":""},"categories":[2],"tags":[],"_links":{"self":[{"href":"https:\/\/utwstarachowice.pl\/index.php?rest_route=\/wp\/v2\/posts\/2101"}],"collection":[{"href":"https:\/\/utwstarachowice.pl\/index.php?rest_route=\/wp\/v2\/posts"}],"about":[{"href":"https:\/\/utwstarachowice.pl\/index.php?rest_route=\/wp\/v2\/types\/post"}],"author":[{"embeddable":true,"href":"https:\/\/utwstarachowice.pl\/index.php?rest_route=\/wp\/v2\/users\/3"}],"replies":[{"embeddable":true,"href":"https:\/\/utwstarachowice.pl\/index.php?rest_route=%2Fwp%2Fv2%2Fcomments&post=2101"}],"version-history":[{"count":0,"href":"https:\/\/utwstarachowice.pl\/index.php?rest_route=\/wp\/v2\/posts\/2101\/revisions"}],"wp:featuredmedia":[{"embeddable":true,"href":"https:\/\/utwstarachowice.pl\/index.php?rest_route=\/"}],"wp:attachment":[{"href":"https:\/\/utwstarachowice.pl\/index.php?rest_route=%2Fwp%2Fv2%2Fmedia&parent=2101"}],"wp:term":[{"taxonomy":"category","embeddable":true,"href":"https:\/\/utwstarachowice.pl\/index.php?rest_route=%2Fwp%2Fv2%2Fcategories&post=2101"},{"taxonomy":"post_tag","embeddable":true,"href":"https:\/\/utwstarachowice.pl\/index.php?rest_route=%2Fwp%2Fv2%2Ftags&post=2101"}],"curies":[{"name":"wp","href":"https:\/\/api.w.org\/{rel}","templated":true}]}}