{"id":2020,"date":"2023-10-22T13:37:08","date_gmt":"2023-10-22T11:37:08","guid":{"rendered":"https:\/\/utwstarachowice.pl\/2023\/10\/22\/wystawa-sowa\/"},"modified":"2023-10-22T13:37:08","modified_gmt":"2023-10-22T11:37:08","slug":"wystawa-sowa","status":"publish","type":"post","link":"https:\/\/utwstarachowice.pl\/?p=2020","title":{"rendered":"Wystawa &#8222;SOWA&#8221;"},"content":{"rendered":"<p>17.10.2023r. W<strong> Muzeum Przyrody i Techniki<\/strong> w Starachowicach uczestniczyli\u015bmy w zwiedzaniu wystawy &#8222;SOWA&#8221;. Uczestnictwo w tej ciekawej wystawie wymaga\u0142o od nas sprytu, cierpliwo\u015bci w wykonywaniu zada\u0144 oraz wyobra\u017ani. Na zako\u0144czenie troch\u0119 luzu i ognisko. Atmosfera by\u0142a wspania\u0142a.<\/p>\n<p><img decoding=\"async\" class=\" size-full wp-image-2013\" src=\"https:\/\/utwstarachowice.pl\/wp-content\/uploads\/2023\/10\/IMG_20231017_151958-scaled.jpg\" border=\"0\" width=\"512\" style=\"display: block; margin-left: auto; margin-right: auto;\" \/><img decoding=\"async\" class=\" size-full wp-image-2014\" src=\"https:\/\/utwstarachowice.pl\/wp-content\/uploads\/2023\/10\/IMG_20231017_152544-scaled.jpg\" border=\"0\" width=\"512\" style=\"display: block; margin-left: auto; margin-right: auto;\" \/><img decoding=\"async\" class=\" size-full wp-image-2015\" src=\"https:\/\/utwstarachowice.pl\/wp-content\/uploads\/2023\/10\/IMG_20231017_152842-scaled.jpg\" border=\"0\" width=\"512\" style=\"display: block; margin-left: auto; margin-right: auto;\" \/><img decoding=\"async\" class=\" size-full wp-image-2016\" src=\"https:\/\/utwstarachowice.pl\/wp-content\/uploads\/2023\/10\/IMG_20231017_155355-scaled.jpg\" border=\"0\" width=\"512\" style=\"display: block; margin-left: auto; margin-right: auto;\" \/><img decoding=\"async\" class=\" size-full wp-image-2017\" src=\"https:\/\/utwstarachowice.pl\/wp-content\/uploads\/2023\/10\/IMG_20231017_160823-scaled.jpg\" border=\"0\" width=\"512\" style=\"display: block; margin-left: auto; margin-right: auto;\" \/><img decoding=\"async\" class=\" size-full wp-image-2018\" src=\"https:\/\/utwstarachowice.pl\/wp-content\/uploads\/2023\/10\/IMG_20231017_161134-scaled.jpg\" border=\"0\" width=\"512\" style=\"display: block; margin-left: auto; margin-right: auto;\" \/><img decoding=\"async\" class=\" size-full wp-image-2019\" src=\"https:\/\/utwstarachowice.pl\/wp-content\/uploads\/2023\/10\/IMG_20231017_161148-scaled.jpg\" border=\"0\" width=\"512\" style=\"display: block; margin-left: auto; margin-right: auto;\" \/><\/p>\n","protected":false},"excerpt":{"rendered":"<p>17.10.2023r. W Muzeum Przyrody i Techniki w Starachowicach uczestniczyli\u015bmy w zwiedzaniu wystawy &#8222;SOWA&#8221;. Uczestnictwo w tej ciekawej wystawie wymaga\u0142o od &hellip;<\/p>\n","protected":false},"author":3,"featured_media":2013,"comment_status":"open","ping_status":"open","sticky":true,"template":"","format":"standard","meta":{"footnotes":""},"categories":[2],"tags":[],"_links":{"self":[{"href":"https:\/\/utwstarachowice.pl\/index.php?rest_route=\/wp\/v2\/posts\/2020"}],"collection":[{"href":"https:\/\/utwstarachowice.pl\/index.php?rest_route=\/wp\/v2\/posts"}],"about":[{"href":"https:\/\/utwstarachowice.pl\/index.php?rest_route=\/wp\/v2\/types\/post"}],"author":[{"embeddable":true,"href":"https:\/\/utwstarachowice.pl\/index.php?rest_route=\/wp\/v2\/users\/3"}],"replies":[{"embeddable":true,"href":"https:\/\/utwstarachowice.pl\/index.php?rest_route=%2Fwp%2Fv2%2Fcomments&post=2020"}],"version-history":[{"count":0,"href":"https:\/\/utwstarachowice.pl\/index.php?rest_route=\/wp\/v2\/posts\/2020\/revisions"}],"wp:featuredmedia":[{"embeddable":true,"href":"https:\/\/utwstarachowice.pl\/index.php?rest_route=\/"}],"wp:attachment":[{"href":"https:\/\/utwstarachowice.pl\/index.php?rest_route=%2Fwp%2Fv2%2Fmedia&parent=2020"}],"wp:term":[{"taxonomy":"category","embeddable":true,"href":"https:\/\/utwstarachowice.pl\/index.php?rest_route=%2Fwp%2Fv2%2Fcategories&post=2020"},{"taxonomy":"post_tag","embeddable":true,"href":"https:\/\/utwstarachowice.pl\/index.php?rest_route=%2Fwp%2Fv2%2Ftags&post=2020"}],"curies":[{"name":"wp","href":"https:\/\/api.w.org\/{rel}","templated":true}]}}