{"id":2012,"date":"2023-10-22T12:25:01","date_gmt":"2023-10-22T10:25:01","guid":{"rendered":"https:\/\/utwstarachowice.pl\/2023\/10\/22\/odwiedziny-na-ogrodzie\/"},"modified":"2023-10-22T12:25:01","modified_gmt":"2023-10-22T10:25:01","slug":"odwiedziny-na-ogrodzie","status":"publish","type":"post","link":"https:\/\/utwstarachowice.pl\/?p=2012","title":{"rendered":"Odwiedziny na ogrodzie"},"content":{"rendered":"<p><strong>16.10.2023r.<\/strong> Eko-Ogr\u00f3d UTW Starachowice. Dzi\u015b go\u015bcili w naszym ogrodzie uczniowie klasy 6-tej Szko\u0142y podstawowej nr 12 wraz z p. Katarzyn\u0105 Banasik . Mieli mo\u017cliwo\u015b\u0107 zobaczenia wielu ciekawych ro\u015blin i zi\u00f3\u0142.<img decoding=\"async\" class=\" size-full wp-image-2006\" src=\"https:\/\/utwstarachowice.pl\/wp-content\/uploads\/2023\/10\/received_1632843577120531.jpeg\" border=\"0\" width=\"512\" style=\"display: block; margin-left: auto; margin-right: auto;\" \/><img decoding=\"async\" class=\" size-full wp-image-2007\" src=\"https:\/\/utwstarachowice.pl\/wp-content\/uploads\/2023\/10\/received_1000657167899088.jpeg\" border=\"0\" width=\"512\" style=\"display: block; margin-left: auto; margin-right: auto;\" \/><img decoding=\"async\" class=\" size-full wp-image-2008\" src=\"https:\/\/utwstarachowice.pl\/wp-content\/uploads\/2023\/10\/received_230778123068831.jpeg\" border=\"0\" width=\"512\" style=\"display: block; margin-left: auto; margin-right: auto;\" \/><img decoding=\"async\" class=\" size-full wp-image-2009\" src=\"https:\/\/utwstarachowice.pl\/wp-content\/uploads\/2023\/10\/received_1702586700225047.jpeg\" border=\"0\" width=\"512\" style=\"display: block; margin-left: auto; margin-right: auto;\" \/><img decoding=\"async\" class=\" size-full wp-image-2010\" src=\"https:\/\/utwstarachowice.pl\/wp-content\/uploads\/2023\/10\/received_728822892420618.jpeg\" border=\"0\" width=\"512\" style=\"display: block; margin-left: auto; margin-right: auto;\" \/><img decoding=\"async\" class=\" size-full wp-image-2011\" src=\"https:\/\/utwstarachowice.pl\/wp-content\/uploads\/2023\/10\/received_773670251232482.jpeg\" border=\"0\" width=\"512\" style=\"display: block; margin-left: auto; margin-right: auto;\" \/><\/p>\n","protected":false},"excerpt":{"rendered":"<p>16.10.2023r. Eko-Ogr\u00f3d UTW Starachowice. Dzi\u015b go\u015bcili w naszym ogrodzie uczniowie klasy 6-tej Szko\u0142y podstawowej nr 12 wraz z p. Katarzyn\u0105 &hellip;<\/p>\n","protected":false},"author":3,"featured_media":2006,"comment_status":"open","ping_status":"open","sticky":true,"template":"","format":"standard","meta":{"footnotes":""},"categories":[2],"tags":[],"_links":{"self":[{"href":"https:\/\/utwstarachowice.pl\/index.php?rest_route=\/wp\/v2\/posts\/2012"}],"collection":[{"href":"https:\/\/utwstarachowice.pl\/index.php?rest_route=\/wp\/v2\/posts"}],"about":[{"href":"https:\/\/utwstarachowice.pl\/index.php?rest_route=\/wp\/v2\/types\/post"}],"author":[{"embeddable":true,"href":"https:\/\/utwstarachowice.pl\/index.php?rest_route=\/wp\/v2\/users\/3"}],"replies":[{"embeddable":true,"href":"https:\/\/utwstarachowice.pl\/index.php?rest_route=%2Fwp%2Fv2%2Fcomments&post=2012"}],"version-history":[{"count":0,"href":"https:\/\/utwstarachowice.pl\/index.php?rest_route=\/wp\/v2\/posts\/2012\/revisions"}],"wp:featuredmedia":[{"embeddable":true,"href":"https:\/\/utwstarachowice.pl\/index.php?rest_route=\/"}],"wp:attachment":[{"href":"https:\/\/utwstarachowice.pl\/index.php?rest_route=%2Fwp%2Fv2%2Fmedia&parent=2012"}],"wp:term":[{"taxonomy":"category","embeddable":true,"href":"https:\/\/utwstarachowice.pl\/index.php?rest_route=%2Fwp%2Fv2%2Fcategories&post=2012"},{"taxonomy":"post_tag","embeddable":true,"href":"https:\/\/utwstarachowice.pl\/index.php?rest_route=%2Fwp%2Fv2%2Ftags&post=2012"}],"curies":[{"name":"wp","href":"https:\/\/api.w.org\/{rel}","templated":true}]}}