{"id":2005,"date":"2023-10-10T02:00:00","date_gmt":"2023-10-10T00:00:00","guid":{"rendered":"https:\/\/utwstarachowice.pl\/2023\/10\/10\/inauguracja-roku-akademickiego-2023-24-starachowice\/"},"modified":"2023-10-10T02:00:00","modified_gmt":"2023-10-10T00:00:00","slug":"inauguracja-roku-akademickiego-2023-24-starachowice","status":"publish","type":"post","link":"https:\/\/utwstarachowice.pl\/?p=2005","title":{"rendered":"Inauguracja Roku Akademickiego 2023\/24 STARACHOWICE"},"content":{"rendered":"<p><strong><img decoding=\"async\" class=\" size-full wp-image-1989\" src=\"https:\/\/utwstarachowice.pl\/wp-content\/uploads\/2023\/10\/IMG_20231009_1041522-scaled.jpg\" border=\"0\" width=\"512\" style=\"display: block; margin-left: auto; margin-right: auto;\" \/><img decoding=\"async\" class=\" size-full wp-image-1990\" src=\"https:\/\/utwstarachowice.pl\/wp-content\/uploads\/2023\/10\/IMG_20231009_1040472-scaled.jpg\" border=\"0\" width=\"512\" style=\"display: block; margin-left: auto; margin-right: auto;\" \/>9.10.2023r<\/strong>.W sali konferencyjnej Olimpii Urz\u0119du Miejskiego w Starachowicach odby\u0142a si\u0119 uroczysta <strong>Inauguracja\u00a0 Roku Akademickiego 20203\/24 Uniwersytetu Trzeciego Wieku<\/strong> w Starachowicach. Jest ona szczeg\u00f3lna poniewa\u017c\u00a0 obchodzimy jubileusz 400-lecia naszego Miasta. Kole\u017canki i koledzy\u00a0 \u00a0UTW w Starachowicach swoim wyst\u0119pem &#8222;przenie\u015bli&#8221; nas do czas\u00f3w historycznych. Du\u017c\u0105\u00a0 i wiedz\u0119\u00a0 o tamtych czasach zaprezentowali nam\u00a0 dyrektor Muzeum Przyrody i Techniki p. Pawe\u0142 Ko\u0142odziejski oraz wicedyrektor p. Wioletta\u00a0 Sobieraj, kt\u00f3rzy go\u015bcinnie wyst\u0105pili w wydarzeniu. Nasi S\u0142uchacze zaprezentowali si\u0119 w piosenkach i ta\u0144cach\u00a0 a stroje i dekoracje przy\u015bwieca\u0142y dawnym czasom. Przygotowany program artystyczny zachwyci\u0142 zaproszonych Go\u015bci-W\u0142adze Miasta, W\u0142adze Powiatu, W\u0142adze CUS, Dyrektor\u00f3w Szk\u00f3\u0142 Starachowickich, Przedstawicieli Firm i Instytucji starachowickich oraz wszystkich Uczestnik\u00f3w wydarzenia. Cz\u0119\u015b\u0107\u00a0 artystyczna to realizacja zadania wsp\u00f3\u0142finansowanego ze \u015brodk\u00f3w publicznych gminy Starachowice-&#8221; Wierzbnik 400 lat temu- trudne pocz\u0105tki&#8221;. Mi\u0142ym akcentem inauguracji\u00a0 by\u0142o wr\u0119czenie legitymacji nowo przyby\u0142ym S\u0142uchaczom. Zarz\u0105d UTW w Starachowicach wr\u0119czy\u0142 statuetki &#8221; Przyjaciel UTW &#8221; osobom w podzi\u0119kowaniu za wspania\u0142\u0105 wsp\u00f3\u0142prac\u0119\u00a0 i wsparcie. Panowa\u0142a wznios\u0142a, przyjemna atmosfera. Kole\u017canki i koledzy z UTW udowodnili ju\u017c nie raz ,\u017ce w starszym wieku mo\u017cna du\u017co ,\u017ce jeszcze\u00a0 si\u0119 chce i aby na d\u0142ugo chcia\u0142o si\u0119 chcie\u0107 a razem\u00a0 wiele mo\u017cna! Tak\u00a0 wi\u0119c kochani dzia\u0142ajmy w tym nowym roku akademickim w zdrowiu szcz\u0119\u015bciu i przyja\u017ani. Wszystkiego dobrego!!!<img decoding=\"async\" class=\" size-full wp-image-1991\" src=\"https:\/\/utwstarachowice.pl\/wp-content\/uploads\/2023\/10\/IMG_20231009_104502-scaled.jpg\" border=\"0\" width=\"512\" style=\"display: block; margin-left: auto; margin-right: auto;\" \/><img decoding=\"async\" class=\" size-full wp-image-1992\" src=\"https:\/\/utwstarachowice.pl\/wp-content\/uploads\/2023\/10\/IMG_20231009_1050032-scaled.jpg\" border=\"0\" width=\"512\" style=\"display: block; margin-left: auto; margin-right: auto;\" \/><img decoding=\"async\" class=\" size-full wp-image-1993\" src=\"https:\/\/utwstarachowice.pl\/wp-content\/uploads\/2023\/10\/received_1324152011539867.jpeg\" border=\"0\" width=\"512\" style=\"display: block; margin-left: auto; margin-right: auto;\" \/><img decoding=\"async\" class=\" size-full wp-image-1994\" src=\"https:\/\/utwstarachowice.pl\/wp-content\/uploads\/2023\/10\/received_365351032493872-scaled.jpeg\" border=\"0\" width=\"512\" style=\"display: block; margin-left: auto; margin-right: auto;\" \/><img decoding=\"async\" class=\" size-full wp-image-1995\" src=\"https:\/\/utwstarachowice.pl\/wp-content\/uploads\/2023\/10\/received_281092934754636-scaled.jpeg\" border=\"0\" width=\"512\" style=\"display: block; margin-left: auto; margin-right: auto;\" \/><img decoding=\"async\" class=\" size-full wp-image-1996\" src=\"https:\/\/utwstarachowice.pl\/wp-content\/uploads\/2023\/10\/received_7217631844936509-scaled.jpeg\" border=\"0\" width=\"512\" style=\"display: block; margin-left: auto; margin-right: auto;\" \/><img decoding=\"async\" class=\" size-full wp-image-1997\" src=\"https:\/\/utwstarachowice.pl\/wp-content\/uploads\/2023\/10\/IMG_20231009_1055132-scaled.jpg\" border=\"0\" width=\"512\" style=\"display: block; margin-left: auto; margin-right: auto;\" \/><img decoding=\"async\" class=\" size-full wp-image-1998\" src=\"https:\/\/utwstarachowice.pl\/wp-content\/uploads\/2023\/10\/IMG_20231009_111404-scaled.jpg\" border=\"0\" width=\"512\" style=\"display: block; margin-left: auto; margin-right: auto;\" \/><img decoding=\"async\" class=\" size-full wp-image-1999\" src=\"https:\/\/utwstarachowice.pl\/wp-content\/uploads\/2023\/10\/IMG_20231009_111443-scaled.jpg\" border=\"0\" width=\"512\" style=\"display: block; margin-left: auto; margin-right: auto;\" \/><img decoding=\"async\" class=\" size-full wp-image-2000\" src=\"https:\/\/utwstarachowice.pl\/wp-content\/uploads\/2023\/10\/FB_IMG_1696935795273.jpg\" border=\"0\" width=\"512\" style=\"display: block; margin-left: auto; margin-right: auto;\" \/><img decoding=\"async\" class=\" size-full wp-image-2001\" src=\"https:\/\/utwstarachowice.pl\/wp-content\/uploads\/2023\/10\/received_1013104703361183-scaled.jpeg\" border=\"0\" width=\"512\" style=\"display: block; margin-left: auto; margin-right: auto;\" \/><img decoding=\"async\" class=\" size-full wp-image-2002\" src=\"https:\/\/utwstarachowice.pl\/wp-content\/uploads\/2023\/10\/received_652669560187728-scaled.jpeg\" border=\"0\" width=\"512\" style=\"display: block; margin-left: auto; margin-right: auto;\" \/><img decoding=\"async\" class=\" size-full wp-image-2003\" src=\"https:\/\/utwstarachowice.pl\/wp-content\/uploads\/2023\/10\/received_1028763718444596-scaled.jpeg\" border=\"0\" width=\"512\" style=\"display: block; margin-left: auto; margin-right: auto;\" \/><img decoding=\"async\" class=\" size-full wp-image-2004\" src=\"https:\/\/utwstarachowice.pl\/wp-content\/uploads\/2023\/10\/received_1055393565596205-scaled.jpeg\" border=\"0\" width=\"512\" style=\"display: block; margin-left: auto; margin-right: auto;\" \/><\/p>\n","protected":false},"excerpt":{"rendered":"<p>9.10.2023r.W sali konferencyjnej Olimpii Urz\u0119du Miejskiego w Starachowicach odby\u0142a si\u0119 uroczysta Inauguracja\u00a0 Roku Akademickiego 20203\/24 Uniwersytetu Trzeciego Wieku w Starachowicach. &hellip;<\/p>\n","protected":false},"author":3,"featured_media":1989,"comment_status":"open","ping_status":"open","sticky":true,"template":"","format":"standard","meta":{"footnotes":""},"categories":[2],"tags":[],"_links":{"self":[{"href":"https:\/\/utwstarachowice.pl\/index.php?rest_route=\/wp\/v2\/posts\/2005"}],"collection":[{"href":"https:\/\/utwstarachowice.pl\/index.php?rest_route=\/wp\/v2\/posts"}],"about":[{"href":"https:\/\/utwstarachowice.pl\/index.php?rest_route=\/wp\/v2\/types\/post"}],"author":[{"embeddable":true,"href":"https:\/\/utwstarachowice.pl\/index.php?rest_route=\/wp\/v2\/users\/3"}],"replies":[{"embeddable":true,"href":"https:\/\/utwstarachowice.pl\/index.php?rest_route=%2Fwp%2Fv2%2Fcomments&post=2005"}],"version-history":[{"count":0,"href":"https:\/\/utwstarachowice.pl\/index.php?rest_route=\/wp\/v2\/posts\/2005\/revisions"}],"wp:featuredmedia":[{"embeddable":true,"href":"https:\/\/utwstarachowice.pl\/index.php?rest_route=\/"}],"wp:attachment":[{"href":"https:\/\/utwstarachowice.pl\/index.php?rest_route=%2Fwp%2Fv2%2Fmedia&parent=2005"}],"wp:term":[{"taxonomy":"category","embeddable":true,"href":"https:\/\/utwstarachowice.pl\/index.php?rest_route=%2Fwp%2Fv2%2Fcategories&post=2005"},{"taxonomy":"post_tag","embeddable":true,"href":"https:\/\/utwstarachowice.pl\/index.php?rest_route=%2Fwp%2Fv2%2Ftags&post=2005"}],"curies":[{"name":"wp","href":"https:\/\/api.w.org\/{rel}","templated":true}]}}