{"id":1988,"date":"2023-10-10T17:06:20","date_gmt":"2023-10-10T15:06:20","guid":{"rendered":"https:\/\/utwstarachowice.pl\/2023\/10\/10\/inauguracja-roku-akademickiego-2023-24-utw\/"},"modified":"2023-10-10T17:06:20","modified_gmt":"2023-10-10T15:06:20","slug":"inauguracja-roku-akademickiego-2023-24-utw","status":"publish","type":"post","link":"https:\/\/utwstarachowice.pl\/?p=1988","title":{"rendered":"|Inauguracja Roku  akademickiego 2023\/24 UTW"},"content":{"rendered":"<p><strong>9.10.2023<\/strong>. W sali konferencyjnej Olimpii Urz\u0119du Miasta Starachowice odby\u0142a si\u0119 uroczysta <strong>Inauguracja Roku akademickiego 2023\/24 Uniwersytetu Trzeciego Wieku<\/strong>. Jest ona szczeg\u00f3lna poniewa\u017c obchodzimy jubileusz 400-lecia naszego Miasta. Kole\u017canki i koledzy z UTW w Starachowicach\u00a0 swoim wyst\u0119pem &#8222;przenie\u015bli&#8221; nas do czas\u00f3w historycznych. Du\u017c\u0105 wiedz\u0105 o tamtych czasach zaprezentowali nam\u00a0 dyrektor Muzeum Przyrody i Techniki p. Pawe\u0142 Ko\u0142odziejski oraz wicedyrektor p. Wioletta Sobieraj, kt\u00f3rzy go\u015bcinnie wyst\u0105pili w wydarzeniu. Nasi Suchacze zaprezentowali si\u0119 w piosenkach i ta\u0144cach a stroje i dekoracje przy\u015bwieca\u0142y dawnym czasom. Przygotowany program artystyczny zachwyci\u0142 zaproszonych Go\u015bci- W\u0142adze miasta, W\u0142adze Powiatu, W\u0142adze CUS, Dyrektor\u00f3w Szk\u00f3\u0142 Starachowickich, Przedstawicieli Firm i Instytucji starachowickich oraz wszystkich Uczestnik\u00f3w wydarzenia. Cz\u0119\u015b\u0107 artystyczna to realizacja zadania wsp\u00f3\u0142finansowanego ze \u015brodk\u00f3w publicznych gminy Starachowice- &#8222;Wierzbnik 400 lat temu- trudne pocz\u0105tki&#8221;. Mi\u0142ym akcentem inauguracji by\u0142o wr\u0119czenie legitymacji studenckich nowo przyby\u0142ym S\u0142uchaczom. Zarz\u0105d UTW w Starachowicach wr\u0119czy\u0142 statuetki&#8221; Przyjaciel UTW &#8221; osobom w podzi\u0119kowaniu za wspania\u0142\u0105 wsp\u00f3\u0142prac\u0119 i wsparcie. Kole\u017canki i koledzy z UTW udowodnili ju\u017c nie raz, \u017ce w starszym wieku mo\u017cna du\u017co, \u017ce jeszcze si\u0119 chce i aby na d\u0142ugo chcia\u0142o si\u0119 chcie\u0107 a razem wiele mo\u017cna! Tak wi\u0119c kochani dzia\u0142ajmy w tym nowym\u00a0 roku akademickim w zdrowiu szcz\u0119\u015bciu i przyja\u017ani. Wszystkiego dobrego!!!<\/p>\n","protected":false},"excerpt":{"rendered":"<p>9.10.2023. W sali konferencyjnej Olimpii Urz\u0119du Miasta Starachowice odby\u0142a si\u0119 uroczysta Inauguracja Roku akademickiego 2023\/24 Uniwersytetu Trzeciego Wieku. Jest ona &hellip;<\/p>\n","protected":false},"author":3,"featured_media":0,"comment_status":"open","ping_status":"open","sticky":true,"template":"","format":"standard","meta":{"footnotes":""},"categories":[2],"tags":[],"_links":{"self":[{"href":"https:\/\/utwstarachowice.pl\/index.php?rest_route=\/wp\/v2\/posts\/1988"}],"collection":[{"href":"https:\/\/utwstarachowice.pl\/index.php?rest_route=\/wp\/v2\/posts"}],"about":[{"href":"https:\/\/utwstarachowice.pl\/index.php?rest_route=\/wp\/v2\/types\/post"}],"author":[{"embeddable":true,"href":"https:\/\/utwstarachowice.pl\/index.php?rest_route=\/wp\/v2\/users\/3"}],"replies":[{"embeddable":true,"href":"https:\/\/utwstarachowice.pl\/index.php?rest_route=%2Fwp%2Fv2%2Fcomments&post=1988"}],"version-history":[{"count":0,"href":"https:\/\/utwstarachowice.pl\/index.php?rest_route=\/wp\/v2\/posts\/1988\/revisions"}],"wp:attachment":[{"href":"https:\/\/utwstarachowice.pl\/index.php?rest_route=%2Fwp%2Fv2%2Fmedia&parent=1988"}],"wp:term":[{"taxonomy":"category","embeddable":true,"href":"https:\/\/utwstarachowice.pl\/index.php?rest_route=%2Fwp%2Fv2%2Fcategories&post=1988"},{"taxonomy":"post_tag","embeddable":true,"href":"https:\/\/utwstarachowice.pl\/index.php?rest_route=%2Fwp%2Fv2%2Ftags&post=1988"}],"curies":[{"name":"wp","href":"https:\/\/api.w.org\/{rel}","templated":true}]}}