{"id":1987,"date":"2023-10-07T18:09:05","date_gmt":"2023-10-07T16:09:05","guid":{"rendered":"https:\/\/utwstarachowice.pl\/2023\/10\/07\/70-lecie-sp-nr-9-w-st-cach\/"},"modified":"2023-10-07T18:09:05","modified_gmt":"2023-10-07T16:09:05","slug":"70-lecie-sp-nr-9-w-st-cach","status":"publish","type":"post","link":"https:\/\/utwstarachowice.pl\/?p=1987","title":{"rendered":"70 -lecie SP nr 9  w St-cach"},"content":{"rendered":"<p><strong><span style=\"font-family: arial, helvetica, sans-serif;\"><img decoding=\"async\" class=\" size-full wp-image-1985\" src=\"https:\/\/utwstarachowice.pl\/wp-content\/uploads\/2023\/10\/received_333918002468551.jpeg\" border=\"0\" width=\"512\" style=\"display: block; margin-left: auto; margin-right: auto;\" \/><\/span>06.10.2023.<\/strong> delegacja UTW go\u015bci\u0142a\u00a0 na Jubileuszu\u00a0<strong> 70-lecia SP nr 9<\/strong> w Starachowicach. Go\u015bci\u0142y W\u0142adze Miasta, Dyrektorzy starachowickich szk\u00f3\u0142, przedstawiciele instytucji miejskich oraz absolwenci a tak\u017ce byli nauczyciele i pracownicy SP nr 9. Uczniowie zaprezentowali si\u0119\u00a0 w cz\u0119\u015bci artystycznej perfekcyjnie prezentuj\u0105c monta\u017c s\u0142owno-muzyczny &#8221; Ptasia Szko\u0142a&#8221; . Hitem by\u0142 wyst\u0119p absolwent\u00f3w SP nr 9 w scenie pt. &#8222;Lekcja szkolna&#8221;. Wy\u015bwietlony\u00a0 teledysk przedstawi\u0142 nam kr\u00f3tkie wspomnienia o kt\u00f3rych opowiadali byli nauczyciele, uczniowie SP nr 9. Wydarzenie odby\u0142o si\u0119 z wielk\u0105 klas\u0105, wyzwoli\u0142o wiele wspomnie\u0144 i emocji. Na zako\u0144czenie Jubilatka-SP nr9 otrzyma\u0142a wiele \u017cycze\u0144 i podark\u00f3w nast\u0119pnie uczestnicy zostali\u00a0 zaproszeni na pyszny pocz\u0119stunek i urodzinowy tort. Dzi\u0119kujemy za zaproszenie, mi\u0142\u0105 atmosfer\u0119, \u017cyczymy ca\u0142ej szklonej\u00a0 spo\u0142eczno\u015bci dalszych sukces\u00f3w i wspania\u0142ych chwil &#8211; zarz\u0105d Trzeciego Wieku w Starachowicach.<img decoding=\"async\" class=\" size-full wp-image-1986\" src=\"https:\/\/utwstarachowice.pl\/wp-content\/uploads\/2023\/10\/received_293506140104845.jpeg\" border=\"0\" width=\"512\" style=\"display: block; margin-left: auto; margin-right: auto;\" \/><\/p>\n","protected":false},"excerpt":{"rendered":"<p>06.10.2023. delegacja UTW go\u015bci\u0142a\u00a0 na Jubileuszu\u00a0 70-lecia SP nr 9 w Starachowicach. Go\u015bci\u0142y W\u0142adze Miasta, Dyrektorzy starachowickich szk\u00f3\u0142, przedstawiciele instytucji &hellip;<\/p>\n","protected":false},"author":3,"featured_media":1985,"comment_status":"open","ping_status":"open","sticky":true,"template":"","format":"standard","meta":{"footnotes":""},"categories":[2],"tags":[],"_links":{"self":[{"href":"https:\/\/utwstarachowice.pl\/index.php?rest_route=\/wp\/v2\/posts\/1987"}],"collection":[{"href":"https:\/\/utwstarachowice.pl\/index.php?rest_route=\/wp\/v2\/posts"}],"about":[{"href":"https:\/\/utwstarachowice.pl\/index.php?rest_route=\/wp\/v2\/types\/post"}],"author":[{"embeddable":true,"href":"https:\/\/utwstarachowice.pl\/index.php?rest_route=\/wp\/v2\/users\/3"}],"replies":[{"embeddable":true,"href":"https:\/\/utwstarachowice.pl\/index.php?rest_route=%2Fwp%2Fv2%2Fcomments&post=1987"}],"version-history":[{"count":0,"href":"https:\/\/utwstarachowice.pl\/index.php?rest_route=\/wp\/v2\/posts\/1987\/revisions"}],"wp:featuredmedia":[{"embeddable":true,"href":"https:\/\/utwstarachowice.pl\/index.php?rest_route=\/"}],"wp:attachment":[{"href":"https:\/\/utwstarachowice.pl\/index.php?rest_route=%2Fwp%2Fv2%2Fmedia&parent=1987"}],"wp:term":[{"taxonomy":"category","embeddable":true,"href":"https:\/\/utwstarachowice.pl\/index.php?rest_route=%2Fwp%2Fv2%2Fcategories&post=1987"},{"taxonomy":"post_tag","embeddable":true,"href":"https:\/\/utwstarachowice.pl\/index.php?rest_route=%2Fwp%2Fv2%2Ftags&post=1987"}],"curies":[{"name":"wp","href":"https:\/\/api.w.org\/{rel}","templated":true}]}}