{"id":1981,"date":"2023-10-04T14:10:20","date_gmt":"2023-10-04T12:10:20","guid":{"rendered":"https:\/\/utwstarachowice.pl\/2023\/10\/04\/terminy-i-tematy-wykladow-plenarnych-spacerow-edukacyjnych-i-zajec-sekcji-przyrodniczej-i-geograficzno-turystycznej-miesiac-pazdziernik-2023-r\/"},"modified":"2023-10-04T14:10:20","modified_gmt":"2023-10-04T12:10:20","slug":"terminy-i-tematy-wykladow-plenarnych-spacerow-edukacyjnych-i-zajec-sekcji-przyrodniczej-i-geograficzno-turystycznej-miesiac-pazdziernik-2023-r","status":"publish","type":"post","link":"https:\/\/utwstarachowice.pl\/?p=1981","title":{"rendered":"TERMINY I TEMATY WYK\u0141AD\u00d3W PLENARNYCH , SPACER\u00d3W EDUKACYJNYCH I ZAJ\u0118\u0106 SEKCJI:  PRZYRODNICZEJ I GEOGRAFICZNO \u2013 TURYSTYCZNEJ MIESI\u0104C PA\u0179DZIERNIK 2023 R."},"content":{"rendered":"<p class=\"Standard\">\u00a0<\/p>\n<p class=\"Standard\"><strong>12.X. godz. 12:30:<\/strong> Turcja \u2013 jeden z najbardziej strategicznych region\u00f3w \u015bwiata (cz.1) <em>wyk\u0142ad El\u017cbieta Durlej<\/em><\/p>\n<p class=\"Standard\">\u00a0<\/p>\n<p class=\"Standard\"><strong>16.X. godz. 10:30:<\/strong> Czy wod\u00f3r to paliwo przysz\u0142o\u015bci <em>wyk\u0142ad Henryk Skrobisz\u00a0<\/em>Prezentacja modelarskich pasji <em>Macieja Bachurskiego<\/em>\u00a0dotycz\u0105cych samochod\u00f3w ci\u0119\u017carowych STAR<\/p>\n<p class=\"Standard\">\u00a0<\/p>\n<p class=\"Standard\"><strong>17.X. godz. 15:00:<\/strong> Spotkanie w Muzeum Przyrody i Techniki \u2013 wystawa czasowa\u00a0SOWA<\/p>\n<p class=\"Standard\">\u00a0<\/p>\n<p class=\"Standard\"><strong>18.X. godz.\u00a0\u00a0\u00a0 7:00:<\/strong>Wycieczka do Krakowa <em>(zbi\u00f3rka na przystanku przy galerii Ska\u0142ka)<\/em><\/p>\n<p class=\"Standard\">\u00a0\u00a0<\/p>\n<p class=\"Standard\"><strong>19.X. godz.\u00a0 9:30:<\/strong>\u00a0 \u015awiat poezji Wis\u0142awy Szymborskiej\u00a0 <em>wyk\u0142ad Bogumi\u0142a Skrobisz<\/em><\/p>\n<p class=\"Standard\">\u00a0<\/p>\n<p class=\"Standard\"><strong>19.X.\u00a0\u00a0 godz. 12:30:<\/strong> Podobie\u0144stwa\u00a0 oraz r\u00f3\u017cnice grzyb\u00f3w jadalnych i truj\u0105cych\u00a0<em>wyk\u0142ad Krystyna Dutkiewicz<\/em><\/p>\n<p class=\"Standard\">\u00a0<\/p>\n<p class=\"Standard\"><strong>21.X. godz. 10:00:<\/strong> Spacer edukacyjny wok\u00f3\u0142 Zalewu Lubianka\u00a0<em>prowadzi El\u017cbieta Durlej<\/em><\/p>\n<p class=\"Standard\">\u00a0<\/p>\n<p class=\"Standard\"><strong>23.X. godz. 10:30: <\/strong>Program \u201eCzyste powietrze\u201d <em>wyk\u0142ad Eliza Strzelec \u2013 pracownik\u00a0UM St-ce<\/em><\/p>\n<p class=\"Standard\">\u00a0<\/p>\n<p class=\"Standard\"><strong>26.X. godz. 12:30: <\/strong>Turcja \u2013 jeden z najbardziej strategicznych region\u00f3w \u015bwiata (cz.2) <em>wyk\u0142ad El\u017cbieta Durlej<\/em><\/p>\n<p class=\"Standard\">\u00a0<\/p>\n<p class=\"Standard\"><strong>30.X. godz. 10:30:<\/strong> Dzie\u0144 Edukacji Prawniczej dla Senior\u00f3w<\/p>\n","protected":false},"excerpt":{"rendered":"<p>\u00a0 12.X. godz. 12:30: Turcja \u2013 jeden z najbardziej strategicznych region\u00f3w \u015bwiata (cz.1) wyk\u0142ad El\u017cbieta Durlej \u00a0 16.X. godz. 10:30: &hellip;<\/p>\n","protected":false},"author":3,"featured_media":0,"comment_status":"open","ping_status":"open","sticky":true,"template":"","format":"standard","meta":{"footnotes":""},"categories":[2],"tags":[],"_links":{"self":[{"href":"https:\/\/utwstarachowice.pl\/index.php?rest_route=\/wp\/v2\/posts\/1981"}],"collection":[{"href":"https:\/\/utwstarachowice.pl\/index.php?rest_route=\/wp\/v2\/posts"}],"about":[{"href":"https:\/\/utwstarachowice.pl\/index.php?rest_route=\/wp\/v2\/types\/post"}],"author":[{"embeddable":true,"href":"https:\/\/utwstarachowice.pl\/index.php?rest_route=\/wp\/v2\/users\/3"}],"replies":[{"embeddable":true,"href":"https:\/\/utwstarachowice.pl\/index.php?rest_route=%2Fwp%2Fv2%2Fcomments&post=1981"}],"version-history":[{"count":0,"href":"https:\/\/utwstarachowice.pl\/index.php?rest_route=\/wp\/v2\/posts\/1981\/revisions"}],"wp:attachment":[{"href":"https:\/\/utwstarachowice.pl\/index.php?rest_route=%2Fwp%2Fv2%2Fmedia&parent=1981"}],"wp:term":[{"taxonomy":"category","embeddable":true,"href":"https:\/\/utwstarachowice.pl\/index.php?rest_route=%2Fwp%2Fv2%2Fcategories&post=1981"},{"taxonomy":"post_tag","embeddable":true,"href":"https:\/\/utwstarachowice.pl\/index.php?rest_route=%2Fwp%2Fv2%2Ftags&post=1981"}],"curies":[{"name":"wp","href":"https:\/\/api.w.org\/{rel}","templated":true}]}}