{"id":1979,"date":"2023-10-04T14:00:12","date_gmt":"2023-10-04T12:00:12","guid":{"rendered":"https:\/\/utwstarachowice.pl\/2023\/10\/04\/komunikaty-dotyczace-organizacji-roku-akademickiego-2023-2024\/"},"modified":"2023-10-04T14:00:12","modified_gmt":"2023-10-04T12:00:12","slug":"komunikaty-dotyczace-organizacji-roku-akademickiego-2023-2024","status":"publish","type":"post","link":"https:\/\/utwstarachowice.pl\/?p=1979","title":{"rendered":"Komunikaty dotycz\u0105ce organizacji Roku Akademickiego 2023\/2024"},"content":{"rendered":"<p class=\"Standard\">\u00a0<\/p>\n<p class=\"Standard\" align=\"center\">Uchwa\u0142a Zarz\u0105du UTW w Starachowicach<\/p>\n<p class=\"Standard\" align=\"center\">Nr 1 z dnia 03 pa\u017adziernika 2023 r.<\/p>\n<p class=\"Standard\" align=\"center\">\u00a0<\/p>\n<p class=\"Standard\">Zarz\u0105d UTW z siedzib\u0105 w Starachowicach ul. Gliniana 10A postanawia powo\u0142a\u0107 nast\u0119puj\u0105ce sekcje tematyczne w roku akademickim 2023\/2024 oraz osoby je prowadz\u0105ce:<\/p>\n<p class=\"Standard\">\u00a0<\/p>\n<table style=\"width: 642px;\" border=\"0\" cellspacing=\"0\" cellpadding=\"0\">\n<tbody>\n<tr>\n<td valign=\"top\" width=\"47\">\n<p class=\"Standard\" align=\"center\"><strong>L.p.<\/strong><\/p>\n<\/td>\n<td valign=\"top\" width=\"365\">\n<p class=\"Standard\" align=\"center\"><strong>Sekcja<\/strong><\/p>\n<\/td>\n<td valign=\"top\" width=\"230\">\n<p class=\"Standard\" align=\"center\"><strong>Osoba prowadz\u0105ca<\/strong><\/p>\n<\/td>\n<\/tr>\n<tr>\n<td valign=\"top\" width=\"47\">\n<p class=\"Standard\">1.<\/p>\n<\/td>\n<td valign=\"top\" width=\"365\">\n<p class=\"Standard\">Edukacji obywatelskiej<\/p>\n<\/td>\n<td valign=\"top\" width=\"230\">\n<p class=\"Standard\">Jerzy Krawczyk<\/p>\n<\/td>\n<\/tr>\n<tr>\n<td valign=\"top\" width=\"47\">\n<p class=\"Standard\">2.<\/p>\n<\/td>\n<td valign=\"top\" width=\"365\">\n<p class=\"Standard\">Psychologiczna<\/p>\n<\/td>\n<td valign=\"top\" width=\"230\">\n<p class=\"Standard\">Wanda Ko\u0142odziejczyk<\/p>\n<\/td>\n<\/tr>\n<tr>\n<td valign=\"top\" width=\"47\">\n<p class=\"Standard\">3.<\/p>\n<\/td>\n<td valign=\"top\" width=\"365\">\n<p class=\"Standard\">Literacko \u2013 poetycka \u201eFENIKS\u201d<\/p>\n<\/td>\n<td valign=\"top\" width=\"230\">\n<p class=\"Standard\">Lucjana El\u017cbieta Nowak<\/p>\n<\/td>\n<\/tr>\n<tr>\n<td valign=\"top\" width=\"47\">\n<p class=\"Standard\">4.<\/p>\n<\/td>\n<td valign=\"top\" width=\"365\">\n<p class=\"Standard\">Przyrodnicza<\/p>\n<\/td>\n<td valign=\"top\" width=\"230\">\n<p class=\"Standard\">Krystyna Dutkiewicz<\/p>\n<\/td>\n<\/tr>\n<tr>\n<td valign=\"top\" width=\"47\">\n<p class=\"Standard\">5.<\/p>\n<\/td>\n<td valign=\"top\" width=\"365\">\n<p class=\"Standard\">Geograficzno \u2013 turystyczna<\/p>\n<\/td>\n<td valign=\"top\" width=\"230\">\n<p class=\"Standard\">El\u017cbieta Durlej<\/p>\n<\/td>\n<\/tr>\n<tr>\n<td valign=\"top\" width=\"47\">\n<p class=\"Standard\">6.<\/p>\n<\/td>\n<td valign=\"top\" width=\"365\">\n<p class=\"Standard\">J\u0119zyk angielski dla pocz\u0105tkuj\u0105cych (kontynuacja)<\/p>\n<\/td>\n<td valign=\"top\" width=\"230\">\n<p class=\"Standard\">El\u017cbieta Durlej<\/p>\n<\/td>\n<\/tr>\n<tr>\n<td valign=\"top\" width=\"47\">\n<p class=\"Standard\">7.<\/p>\n<\/td>\n<td valign=\"top\" width=\"365\">\n<p class=\"Standard\">J\u0119zyk niemiecki<\/p>\n<\/td>\n<td valign=\"top\" width=\"230\">\n<p class=\"Standard\">Jolanta \u0141odej<\/p>\n<\/td>\n<\/tr>\n<tr>\n<td valign=\"top\" width=\"47\">\n<p class=\"Standard\">8.<\/p>\n<\/td>\n<td valign=\"top\" width=\"365\">\n<p class=\"Standard\">J\u0119zyk rosyjski<\/p>\n<\/td>\n<td valign=\"top\" width=\"230\">\n<p class=\"Standard\">Jadwiga Hamera<\/p>\n<\/td>\n<\/tr>\n<tr>\n<td valign=\"top\" width=\"47\">\n<p class=\"Standard\">9.<\/p>\n<\/td>\n<td valign=\"top\" width=\"365\">\n<p class=\"Standard\">Zesp\u00f3\u0142 wokalny \u201eSrebrne Nuty\u201d<\/p>\n<\/td>\n<td valign=\"top\" width=\"230\">\n<p class=\"Standard\">Vacat<\/p>\n<\/td>\n<\/tr>\n<tr>\n<td valign=\"top\" width=\"47\">\n<p class=\"Standard\">10.<\/p>\n<\/td>\n<td valign=\"top\" width=\"365\">\n<p class=\"Standard\">Teatralna \u201eScena UTW\u201d<\/p>\n<\/td>\n<td valign=\"top\" width=\"230\">\n<p class=\"Standard\">Iwona Dziubi\u0144ska &#8211; Czerko<\/p>\n<\/td>\n<\/tr>\n<tr>\n<td valign=\"top\" width=\"47\">\n<p class=\"Standard\">11.<\/p>\n<\/td>\n<td valign=\"top\" width=\"365\">\n<p class=\"Standard\">Plastyczno \u2013 techniczna \u201eNiespokojne R\u0119ce\u201d<\/p>\n<\/td>\n<td valign=\"top\" width=\"230\">\n<p class=\"Standard\">Gra\u017cyna Wysocka<\/p>\n<\/td>\n<\/tr>\n<tr>\n<td valign=\"top\" width=\"47\">\n<p class=\"Standard\">12.<\/p>\n<\/td>\n<td valign=\"top\" width=\"365\">\n<p class=\"Standard\">Taneczno &#8211; wokalna<\/p>\n<\/td>\n<td valign=\"top\" width=\"230\">\n<p class=\"Standard\">Ma\u0142gorzata Wyderska<\/p>\n<\/td>\n<\/tr>\n<tr>\n<td valign=\"top\" width=\"47\">\n<p class=\"Standard\">13.<\/p>\n<\/td>\n<td valign=\"top\" width=\"365\">\n<p class=\"Standard\">Ekologiczna \u201eEko Ogr\u00f3d\u201d<\/p>\n<\/td>\n<td valign=\"top\" width=\"230\">\n<p class=\"Standard\">Maria Gola<\/p>\n<\/td>\n<\/tr>\n<tr>\n<td valign=\"top\" width=\"47\">\n<p class=\"Standard\">14.<\/p>\n<\/td>\n<td valign=\"top\" width=\"365\">\n<p class=\"Standard\">Aerobik w basenie g\u0142\u0119bokim<\/p>\n<\/td>\n<td valign=\"top\" width=\"230\">\n<p class=\"Standard\">Agata Musia\u0142owska<\/p>\n<\/td>\n<\/tr>\n<tr>\n<td valign=\"top\" width=\"47\">\n<p class=\"Standard\">15.<\/p>\n<\/td>\n<td valign=\"top\" width=\"365\">\n<p class=\"Standard\">Aerobik w basenie p\u0142ytkim<\/p>\n<\/td>\n<td valign=\"top\" width=\"230\">\n<p class=\"Standard\">Agata Musia\u0142owska<\/p>\n<\/td>\n<\/tr>\n<tr>\n<td valign=\"top\" width=\"47\">\n<p class=\"Standard\">16.<\/p>\n<\/td>\n<td valign=\"top\" width=\"365\">\n<p class=\"Standard\">Joga<\/p>\n<\/td>\n<td valign=\"top\" width=\"230\">\n<p class=\"Standard\">Agata Musia\u0142owska<\/p>\n<\/td>\n<\/tr>\n<tr>\n<td valign=\"top\" width=\"47\">\n<p class=\"Standard\">17.<\/p>\n<\/td>\n<td valign=\"top\" width=\"365\">\n<p class=\"Standard\">Gimnastyka usprawniaj\u0105ca<\/p>\n<\/td>\n<td valign=\"top\" width=\"230\">\n<p class=\"Standard\">Barbara Bedorf<\/p>\n<\/td>\n<\/tr>\n<tr>\n<td valign=\"top\" width=\"47\">\n<p class=\"Standard\">18.<\/p>\n<\/td>\n<td valign=\"top\" width=\"365\">\n<p class=\"Standard\">Spacery Edukacyjne<\/p>\n<\/td>\n<td valign=\"top\" width=\"230\">\n<p class=\"Standard\">El\u017cbieta Durlej<\/p>\n<\/td>\n<\/tr>\n<\/tbody>\n<\/table>\n<p class=\"Standard\">\u00a0<\/p>\n<p class=\"Standard\">S\u0142uchacze UTW b\u0119d\u0105 mogli by\u0107 czynnymi uczestnikami:<\/p>\n<p class=\"Standard\">\u00a0<\/p>\n<table style=\"width: 642px;\" border=\"0\" cellspacing=\"0\" cellpadding=\"0\">\n<tbody>\n<tr>\n<td valign=\"top\" width=\"47\">\n<p class=\"Standard\">1.<\/p>\n<\/td>\n<td valign=\"top\" width=\"365\">\n<p class=\"Standard\">Dyskusyjnego Klubu Ksi\u0105\u017cki<\/p>\n<\/td>\n<td valign=\"top\" width=\"230\">\n<p class=\"Standard\">Jolanta Sopi\u0144ska<\/p>\n<\/td>\n<\/tr>\n<tr>\n<td valign=\"top\" width=\"47\">\n<p class=\"Standard\">2.<\/p>\n<\/td>\n<td valign=\"top\" width=\"365\">\n<p class=\"Standard\">Dyskusyjnego Klubu Filmowego<\/p>\n<\/td>\n<td valign=\"top\" width=\"230\">\n<p class=\"Standard\">Ewa Przygoda<\/p>\n<\/td>\n<\/tr>\n<tr>\n<td valign=\"top\" width=\"47\">\n<p class=\"Standard\">3.<\/p>\n<\/td>\n<td valign=\"top\" width=\"365\">\n<p class=\"Standard\">Ko\u0142a PTTK<\/p>\n<\/td>\n<td valign=\"top\" width=\"230\">\n<p class=\"Standard\">Tomasz Cygan<\/p>\n<\/td>\n<\/tr>\n<\/tbody>\n<\/table>\n<p class=\"Standard\">\u00a0<\/p>\n<p class=\"Standard\"><strong>TYGODNIOWY ROZK\u0141AD ZAJ\u0118\u0106 W UTW: I SEMESTR 2023\/2024<\/strong><\/p>\n<p class=\"Standard\" align=\"center\"><strong>od dnia 10.10.2023 r.<\/strong><\/p>\n<table style=\"width: 642px;\" border=\"0\" cellspacing=\"0\" cellpadding=\"0\">\n<tbody>\n<tr>\n<td valign=\"top\" width=\"116\">\n<p class=\"Standard\" align=\"center\"><strong>Dzie\u0144<\/strong><\/p>\n<p class=\"Standard\" align=\"center\"><strong>\u00a0tygodnia<\/strong><\/p>\n<\/td>\n<td valign=\"top\" width=\"169\">\n<p class=\"Standard\" align=\"center\"><strong>Godzina<\/strong><\/p>\n<\/td>\n<td valign=\"top\" width=\"226\">\n<p class=\"Standard\" align=\"center\"><strong>Nazwa sekcji<\/strong><\/p>\n<\/td>\n<td valign=\"top\" width=\"131\">\n<p class=\"Standard\" align=\"center\"><strong>Miejsce<\/strong><\/p>\n<\/td>\n<\/tr>\n<tr>\n<td valign=\"top\" width=\"116\">\n<p class=\"Standard\"><strong>Poniedzia\u0142ek<\/strong><\/p>\n<\/td>\n<td valign=\"top\" width=\"169\">\n<p class=\"Standard\">\u00a0 9:00<\/p>\n<p class=\"Standard\">10:30<\/p>\n<p class=\"Standard\">12:15 (2 i 4 pon. m-ca)<\/p>\n<p class=\"Standard\">\u00a0<\/p>\n<p class=\"Standard\">16:00<\/p>\n<p class=\"Standard\">\u00a0<\/p>\n<\/td>\n<td valign=\"top\" width=\"226\">\n<p class=\"Standard\">Psychologia<\/p>\n<p class=\"Standard\">Wyk\u0142ad plenarny<\/p>\n<p class=\"Standard\">Sekcja teatralna \u201eScena UTW\u201d<\/p>\n<p class=\"Standard\">Zesp\u00f3\u0142 wokalny \u201eSrebrne Nuty\u201d<\/p>\n<\/td>\n<td valign=\"top\" width=\"131\">\n<p class=\"Standard\">s. 33<\/p>\n<p class=\"Standard\">s. 33<\/p>\n<p class=\"Standard\">s. 32<\/p>\n<p class=\"Standard\">\u00a0<\/p>\n<p class=\"Standard\">s. 32<\/p>\n<\/td>\n<\/tr>\n<tr>\n<td valign=\"top\" width=\"116\">\n<p class=\"Standard\"><strong>Wtorek<\/strong><\/p>\n<\/td>\n<td valign=\"top\" width=\"169\">\n<p class=\"Standard\">\u00a0 9:30<\/p>\n<p class=\"Standard\">11:55 \u2013 12:40<\/p>\n<p class=\"Standard\">12:45 \u2013 13:30<\/p>\n<\/td>\n<td valign=\"top\" width=\"226\">\n<p class=\"Standard\">Sekcja \u201eEko-Ogr\u00f3d\u201d<\/p>\n<p class=\"Standard\">Areobik \u2013 basen g\u0142\u0119boki<\/p>\n<p class=\"Standard\">Areobik \u2013 basen p\u0142ytki<\/p>\n<\/td>\n<td valign=\"top\" width=\"131\">\n<p class=\"Standard\">s. 32\/ogr\u00f3d<\/p>\n<\/td>\n<\/tr>\n<tr>\n<td valign=\"top\" width=\"116\">\n<p class=\"Standard\"><strong>\u015aroda<\/strong><\/p>\n<\/td>\n<td valign=\"top\" width=\"169\">\n<p class=\"Standard\">\u00a0 8:00 \u2013\u00a0 8:45<\/p>\n<p class=\"Standard\">\u00a0 9:00 (1 i 3 \u015br. m-ca)<\/p>\n<p class=\"Standard\">\u00a0<\/p>\n<p class=\"Standard\">\u00a0<\/p>\n<p class=\"Standard\">09:15 \u2013 10:45<\/p>\n<p class=\"Standard\">\u00a0(w dni:11.10 i 18.10<\/p>\n<p class=\"Standard\">\u00a0\u00a0\u00a0\u00a0\u00a0\u00a0\u00a0\u00a0\u00a0 08.11 i 15.11<\/p>\n<p class=\"Standard\">\u00a0\u00a0\u00a0\u00a0\u00a0\u00a0\u00a0\u00a0\u00a0 06.12 i 13.12)<\/p>\n<p class=\"Standard\">\u00a011:00 \u2013 12:30<\/p>\n<p class=\"Standard\">\u00a0(w dni:11.10 i 18.10<\/p>\n<p class=\"Standard\">\u00a0\u00a0\u00a0\u00a0\u00a0\u00a0\u00a0\u00a0\u00a0 08.11 i 15.11<\/p>\n<p class=\"Standard\">\u00a0\u00a0\u00a0\u00a0\u00a0\u00a0\u00a0\u00a0\u00a0 06.12 i 13.12)<\/p>\n<\/td>\n<td valign=\"top\" width=\"226\">\n<p class=\"Standard\">Gimnastyka usprawniaj\u0105ca<\/p>\n<p class=\"Standard\">Sekcja plastyczno \u2013 techniczna \u201eNiespokojne R\u0119ce\u201d<\/p>\n<p class=\"Standard\">J\u0119zyk rosyjski (<em>kontynuacja<\/em>)<\/p>\n<p class=\"Standard\">\u00a0<\/p>\n<p class=\"Standard\">\u00a0<\/p>\n<p class=\"Standard\">J\u0119zyk niemiecki<\/p>\n<p class=\"Standard\">(<em>kontynuacja<\/em>)<\/p>\n<\/td>\n<td valign=\"top\" width=\"131\">\n<p class=\"Standard\">Sala gim. nr. 3<\/p>\n<p class=\"Standard\">\u00a0<\/p>\n<p class=\"Standard\">s.32<\/p>\n<p class=\"Standard\">\u00a0<\/p>\n<p class=\"Standard\">\u00a0<\/p>\n<p class=\"Standard\">\u00a0<\/p>\n<p class=\"Standard\">s. 33<\/p>\n<p class=\"Standard\">\u00a0<\/p>\n<p class=\"Standard\">s. 33<\/p>\n<\/td>\n<\/tr>\n<tr>\n<td valign=\"top\" width=\"116\">\n<p class=\"Standard\"><strong>Czwartek<\/strong><\/p>\n<\/td>\n<td valign=\"top\" width=\"169\">\n<p class=\"Standard\">\u00a08:00<\/p>\n<p class=\"Standard\">\u00a09:30\u00a0\u00a0 (2 i 4 czw.)<\/p>\n<p class=\"Standard\">\u00a0<\/p>\n<p class=\"Standard\">11:00<\/p>\n<p class=\"Standard\">\u00a0<\/p>\n<p class=\"Standard\">\u00a0<\/p>\n<p class=\"Standard\">12:30 (1 i 3 czw.)<\/p>\n<p class=\"Standard\">12:30 (2 i 4 czw.)<\/p>\n<p class=\"Standard\">\u00a0<\/p>\n<\/td>\n<td valign=\"top\" width=\"226\">\n<p class=\"Standard\">Joga<\/p>\n<p class=\"Standard\">Sekcja literacko \u2013 poetycka \u201eFeniks\u201d<\/p>\n<p class=\"Standard\">J\u0119zyk angielski dla pocz\u0105tkuj\u0105cych <em>(kontynuacja<\/em>)<\/p>\n<p class=\"Standard\">Sekcja przyrodnicza<\/p>\n<p class=\"Standard\">Sekcja geograficzno &#8211; turystyczna<\/p>\n<\/td>\n<td valign=\"top\" width=\"131\">\n<p class=\"Standard\">Sala gim. nr. 3<\/p>\n<p class=\"Standard\">s. 33<\/p>\n<p class=\"Standard\">\u00a0<\/p>\n<p class=\"Standard\">s.33<\/p>\n<p class=\"Standard\">\u00a0<\/p>\n<p class=\"Standard\">\u00a0<\/p>\n<p class=\"Standard\">s. 33<\/p>\n<p class=\"Standard\">s. 33<\/p>\n<\/td>\n<\/tr>\n<tr>\n<td valign=\"top\" width=\"116\">\n<p class=\"Standard\"><strong>Pi\u0105tek<\/strong><\/p>\n<\/td>\n<td valign=\"top\" width=\"169\">\n<p class=\"Standard\">\u00a0 9:00<\/p>\n<p class=\"Standard\">10:30<\/p>\n<\/td>\n<td valign=\"top\" width=\"226\">\n<p class=\"Standard\">Zumba<\/p>\n<p class=\"Standard\">Sekcja taneczno &#8211; wokalna<\/p>\n<\/td>\n<td valign=\"top\" width=\"131\">\n<p class=\"Standard\">Sala gim. nr. 3<\/p>\n<p class=\"Standard\">Sala gim. nr. 3<\/p>\n<\/td>\n<\/tr>\n<tr>\n<td valign=\"top\" width=\"116\">\n<p class=\"Standard\"><strong>Sobota<\/strong><\/p>\n<\/td>\n<td valign=\"top\" width=\"169\">\n<p class=\"Standard\">10:00 (raz w miesi\u0105cu)<\/p>\n<\/td>\n<td valign=\"top\" width=\"226\">\n<p class=\"Standard\">Spacer edukacyjny<\/p>\n<\/td>\n<td valign=\"top\" width=\"131\">\n<p class=\"Standard\">\u00a0<\/p>\n<\/td>\n<\/tr>\n<\/tbody>\n<\/table>\n<p class=\"Standard\">\u00a0<\/p>\n<p class=\"Standard\"><strong>Biuro Zarz\u0105du tel.: 792\u00a0805\u00a0590<\/strong><\/p>\n<p class=\"Standard\"><strong>Rozk\u0142ad zaj\u0119\u0107 i komunikaty dla s\u0142uchaczy dost\u0119pne s\u0105:<\/strong><\/p>\n<p class=\"Standard\"><strong>&#8211; na stronie internetowej: <\/strong><a href=\"http:\/\/www.utw.starachowice\/\"><strong>www.utw.starachowice<\/strong><\/a>\u00a0\u00a0\u00a0\u00a0\u00a0\u00a0\u00a0\u00a0\u00a0\u00a0\u00a0\u00a0\u00a0 <strong>&#8211; w biurze UTW<\/strong><\/p>\n<p><!--more--><\/p>\n<p>\u00a0<\/p>\n","protected":false},"excerpt":{"rendered":"<p>\u00a0 Uchwa\u0142a Zarz\u0105du UTW w Starachowicach Nr 1 z dnia 03 pa\u017adziernika 2023 r. \u00a0 Zarz\u0105d UTW z siedzib\u0105 w &hellip;<\/p>\n","protected":false},"author":3,"featured_media":0,"comment_status":"open","ping_status":"open","sticky":true,"template":"","format":"standard","meta":{"footnotes":""},"categories":[2],"tags":[],"_links":{"self":[{"href":"https:\/\/utwstarachowice.pl\/index.php?rest_route=\/wp\/v2\/posts\/1979"}],"collection":[{"href":"https:\/\/utwstarachowice.pl\/index.php?rest_route=\/wp\/v2\/posts"}],"about":[{"href":"https:\/\/utwstarachowice.pl\/index.php?rest_route=\/wp\/v2\/types\/post"}],"author":[{"embeddable":true,"href":"https:\/\/utwstarachowice.pl\/index.php?rest_route=\/wp\/v2\/users\/3"}],"replies":[{"embeddable":true,"href":"https:\/\/utwstarachowice.pl\/index.php?rest_route=%2Fwp%2Fv2%2Fcomments&post=1979"}],"version-history":[{"count":0,"href":"https:\/\/utwstarachowice.pl\/index.php?rest_route=\/wp\/v2\/posts\/1979\/revisions"}],"wp:attachment":[{"href":"https:\/\/utwstarachowice.pl\/index.php?rest_route=%2Fwp%2Fv2%2Fmedia&parent=1979"}],"wp:term":[{"taxonomy":"category","embeddable":true,"href":"https:\/\/utwstarachowice.pl\/index.php?rest_route=%2Fwp%2Fv2%2Fcategories&post=1979"},{"taxonomy":"post_tag","embeddable":true,"href":"https:\/\/utwstarachowice.pl\/index.php?rest_route=%2Fwp%2Fv2%2Ftags&post=1979"}],"curies":[{"name":"wp","href":"https:\/\/api.w.org\/{rel}","templated":true}]}}