{"id":1978,"date":"2023-09-25T18:11:51","date_gmt":"2023-09-25T16:11:51","guid":{"rendered":"https:\/\/utwstarachowice.pl\/2023\/09\/25\/odwolane-zajecia-26-09-23r\/"},"modified":"2023-09-25T18:11:51","modified_gmt":"2023-09-25T16:11:51","slug":"odwolane-zajecia-26-09-23r","status":"publish","type":"post","link":"https:\/\/utwstarachowice.pl\/?p=1978","title":{"rendered":"Odwo\u0142ane zaj\u0119cia 26.09.23r."},"content":{"rendered":"<p>Zawiadamiamy \u017ce<strong> zaj\u0119cia sekcji taneczno-wokalnej 26.09.23r zosta\u0142y odwo\u0142ane i odb\u0119d\u0105 si\u0119<\/strong> <strong>28.09.23r. ( czwartek) o godz.19,00<\/strong> Park Kultury (Szko\u0142a Podstawowa nr 11)<\/p>\n","protected":false},"excerpt":{"rendered":"<p>Zawiadamiamy \u017ce zaj\u0119cia sekcji taneczno-wokalnej 26.09.23r zosta\u0142y odwo\u0142ane i odb\u0119d\u0105 si\u0119 28.09.23r. ( czwartek) o godz.19,00 Park Kultury (Szko\u0142a Podstawowa &hellip;<\/p>\n","protected":false},"author":3,"featured_media":0,"comment_status":"open","ping_status":"open","sticky":true,"template":"","format":"standard","meta":{"footnotes":""},"categories":[2],"tags":[],"_links":{"self":[{"href":"https:\/\/utwstarachowice.pl\/index.php?rest_route=\/wp\/v2\/posts\/1978"}],"collection":[{"href":"https:\/\/utwstarachowice.pl\/index.php?rest_route=\/wp\/v2\/posts"}],"about":[{"href":"https:\/\/utwstarachowice.pl\/index.php?rest_route=\/wp\/v2\/types\/post"}],"author":[{"embeddable":true,"href":"https:\/\/utwstarachowice.pl\/index.php?rest_route=\/wp\/v2\/users\/3"}],"replies":[{"embeddable":true,"href":"https:\/\/utwstarachowice.pl\/index.php?rest_route=%2Fwp%2Fv2%2Fcomments&post=1978"}],"version-history":[{"count":0,"href":"https:\/\/utwstarachowice.pl\/index.php?rest_route=\/wp\/v2\/posts\/1978\/revisions"}],"wp:attachment":[{"href":"https:\/\/utwstarachowice.pl\/index.php?rest_route=%2Fwp%2Fv2%2Fmedia&parent=1978"}],"wp:term":[{"taxonomy":"category","embeddable":true,"href":"https:\/\/utwstarachowice.pl\/index.php?rest_route=%2Fwp%2Fv2%2Fcategories&post=1978"},{"taxonomy":"post_tag","embeddable":true,"href":"https:\/\/utwstarachowice.pl\/index.php?rest_route=%2Fwp%2Fv2%2Ftags&post=1978"}],"curies":[{"name":"wp","href":"https:\/\/api.w.org\/{rel}","templated":true}]}}