{"id":1975,"date":"2023-09-19T20:48:06","date_gmt":"2023-09-19T18:48:06","guid":{"rendered":"https:\/\/utwstarachowice.pl\/2023\/09\/19\/inauguracja-roku-akademickiego-20230-24-kiekce\/"},"modified":"2023-09-19T20:48:06","modified_gmt":"2023-09-19T18:48:06","slug":"inauguracja-roku-akademickiego-20230-24-kiekce","status":"publish","type":"post","link":"https:\/\/utwstarachowice.pl\/?p=1975","title":{"rendered":"Inauguracja Roku Akademickiego 20230\/24 KIEKCE"},"content":{"rendered":"<p><strong>18.09.2023r<\/strong>.Dzisiaj delegacja s\u0142uchaczy Uniwersytetu trzeciego Wieku w Starachowicach uczestniczy\u0142a w Inauguracji Roku Akademickiego uniwersytet\u00f3w Trzeciego Wieku2023\/24 w Filharmonii\u00a0 \u015awi\u0119tokrzyskiej w Kielcach.<img decoding=\"async\" class=\" size-full wp-image-1969\" src=\"https:\/\/utwstarachowice.pl\/wp-content\/uploads\/2023\/09\/received_685637723117190.jpeg\" border=\"0\" width=\"512\" style=\"display: block; margin-left: auto; margin-right: auto;\" \/><img decoding=\"async\" class=\" size-full wp-image-1970\" src=\"https:\/\/utwstarachowice.pl\/wp-content\/uploads\/2023\/09\/FB_IMG_1695145551010.jpg\" border=\"0\" width=\"512\" style=\"display: block; margin-left: auto; margin-right: auto;\" \/><img decoding=\"async\" class=\" size-full wp-image-1971\" src=\"https:\/\/utwstarachowice.pl\/wp-content\/uploads\/2023\/09\/received_849981526736155.jpeg\" border=\"0\" width=\"512\" style=\"display: block; margin-left: auto; margin-right: auto;\" \/><img decoding=\"async\" class=\" size-full wp-image-1972\" src=\"https:\/\/utwstarachowice.pl\/wp-content\/uploads\/2023\/09\/received_278226565149982.jpeg\" border=\"0\" width=\"512\" style=\"display: block; margin-left: auto; margin-right: auto;\" \/><img decoding=\"async\" class=\" size-full wp-image-1973\" src=\"https:\/\/utwstarachowice.pl\/wp-content\/uploads\/2023\/09\/received_1323030454995457.jpeg\" border=\"0\" width=\"512\" style=\"display: block; margin-left: auto; margin-right: auto;\" \/><img decoding=\"async\" class=\" size-full wp-image-1974\" src=\"https:\/\/utwstarachowice.pl\/wp-content\/uploads\/2023\/09\/received_870932751083921.jpeg\" border=\"0\" width=\"512\" style=\"display: block; margin-left: auto; margin-right: auto;\" \/><\/p>\n","protected":false},"excerpt":{"rendered":"<p>18.09.2023r.Dzisiaj delegacja s\u0142uchaczy Uniwersytetu trzeciego Wieku w Starachowicach uczestniczy\u0142a w Inauguracji Roku Akademickiego uniwersytet\u00f3w Trzeciego Wieku2023\/24 w Filharmonii\u00a0 \u015awi\u0119tokrzyskiej w &hellip;<\/p>\n","protected":false},"author":3,"featured_media":1969,"comment_status":"open","ping_status":"open","sticky":true,"template":"","format":"standard","meta":{"footnotes":""},"categories":[2],"tags":[],"_links":{"self":[{"href":"https:\/\/utwstarachowice.pl\/index.php?rest_route=\/wp\/v2\/posts\/1975"}],"collection":[{"href":"https:\/\/utwstarachowice.pl\/index.php?rest_route=\/wp\/v2\/posts"}],"about":[{"href":"https:\/\/utwstarachowice.pl\/index.php?rest_route=\/wp\/v2\/types\/post"}],"author":[{"embeddable":true,"href":"https:\/\/utwstarachowice.pl\/index.php?rest_route=\/wp\/v2\/users\/3"}],"replies":[{"embeddable":true,"href":"https:\/\/utwstarachowice.pl\/index.php?rest_route=%2Fwp%2Fv2%2Fcomments&post=1975"}],"version-history":[{"count":0,"href":"https:\/\/utwstarachowice.pl\/index.php?rest_route=\/wp\/v2\/posts\/1975\/revisions"}],"wp:featuredmedia":[{"embeddable":true,"href":"https:\/\/utwstarachowice.pl\/index.php?rest_route=\/"}],"wp:attachment":[{"href":"https:\/\/utwstarachowice.pl\/index.php?rest_route=%2Fwp%2Fv2%2Fmedia&parent=1975"}],"wp:term":[{"taxonomy":"category","embeddable":true,"href":"https:\/\/utwstarachowice.pl\/index.php?rest_route=%2Fwp%2Fv2%2Fcategories&post=1975"},{"taxonomy":"post_tag","embeddable":true,"href":"https:\/\/utwstarachowice.pl\/index.php?rest_route=%2Fwp%2Fv2%2Ftags&post=1975"}],"curies":[{"name":"wp","href":"https:\/\/api.w.org\/{rel}","templated":true}]}}