{"id":1923,"date":"2023-09-01T11:53:11","date_gmt":"2023-09-01T09:53:11","guid":{"rendered":"https:\/\/utwstarachowice.pl\/2023\/09\/01\/konkurs-literacki\/"},"modified":"2023-09-01T11:53:11","modified_gmt":"2023-09-01T09:53:11","slug":"konkurs-literacki","status":"publish","type":"post","link":"https:\/\/utwstarachowice.pl\/?p=1923","title":{"rendered":"Konkurs literacki"},"content":{"rendered":"<p><span>Wczoraj S\u0142uchacze UTW pracowali nad ocen\u0105 prac z Konkursu Literackiego M\u0142odzie\u017cy Szk\u00f3\u0142 Podstawowych.Prace oceniali,go\u015bcinne p.Wiletta Sobieraj wicedyrektor Muzeum Przyrody Techniki,prezes UTW Jerzy Krawczyk,kierownik sekcji literacko-poetyckiej El\u017cbieta Nowak oraz wsp\u00f3\u0142prowadz\u0105ca w\/w sekcj\u0119 Zofia Sadok.W ci\u0105g\u0142ej aktywno\u015bci s\u0105 pozosta\u0142e sekcj\u0119 UTW przygotowuj\u0105ce si\u0119 do Senioriady oraz inauguracji roku akademickiego 2023\/24.Sekcja literacko-poetycka pod kierunkiem kol.Elzbiety Nowak przygotowuje si\u0119 do wydania Tomiku z tw\u00f3rczo\u015bci\u0105 S\u0142uchaczy Uniwersytetu Trzeciego Wieku.S\u0142uchacze proszeni s\u0105 o udost\u0119pnienie swoich tw\u00f3rczych materia\u0142\u00f3w. Prace w ogr\u00f3dku spo\u0142eczno\u015bciowym odnios\u0142y nieoczekiwany efekt-jest cudownie,kolory ro\u015blin ciesz\u0105 oczy.Jest to miejsce gdzie mo\u017cna mi\u0142o sp\u0119dza\u0107 czas.Zapraszamy i dzi\u0119kujemy sekcji ekologicznej prowadzonej przez kol.Marysi\u0119 Gol\u0119.<\/span><img decoding=\"async\" class=\" size-full wp-image-1921\" src=\"https:\/\/utwstarachowice.pl\/wp-content\/uploads\/2023\/09\/373030160_1407920536443499_2186069740409453002_n.jpg\" border=\"0\" width=\"512\" style=\"display: block; margin-left: auto; margin-right: auto;\" \/><img decoding=\"async\" class=\" size-full wp-image-1922\" src=\"https:\/\/utwstarachowice.pl\/wp-content\/uploads\/2023\/09\/372151275_845164127221645_6648676192182760334_n.jpg\" border=\"0\" width=\"512\" style=\"display: block; margin-left: auto; margin-right: auto;\" \/><\/p>\n","protected":false},"excerpt":{"rendered":"<p>Wczoraj S\u0142uchacze UTW pracowali nad ocen\u0105 prac z Konkursu Literackiego M\u0142odzie\u017cy Szk\u00f3\u0142 Podstawowych.Prace oceniali,go\u015bcinne p.Wiletta Sobieraj wicedyrektor Muzeum Przyrody Techniki,prezes &hellip;<\/p>\n","protected":false},"author":3,"featured_media":1921,"comment_status":"open","ping_status":"open","sticky":true,"template":"","format":"standard","meta":{"footnotes":""},"categories":[2],"tags":[],"_links":{"self":[{"href":"https:\/\/utwstarachowice.pl\/index.php?rest_route=\/wp\/v2\/posts\/1923"}],"collection":[{"href":"https:\/\/utwstarachowice.pl\/index.php?rest_route=\/wp\/v2\/posts"}],"about":[{"href":"https:\/\/utwstarachowice.pl\/index.php?rest_route=\/wp\/v2\/types\/post"}],"author":[{"embeddable":true,"href":"https:\/\/utwstarachowice.pl\/index.php?rest_route=\/wp\/v2\/users\/3"}],"replies":[{"embeddable":true,"href":"https:\/\/utwstarachowice.pl\/index.php?rest_route=%2Fwp%2Fv2%2Fcomments&post=1923"}],"version-history":[{"count":0,"href":"https:\/\/utwstarachowice.pl\/index.php?rest_route=\/wp\/v2\/posts\/1923\/revisions"}],"wp:featuredmedia":[{"embeddable":true,"href":"https:\/\/utwstarachowice.pl\/index.php?rest_route=\/"}],"wp:attachment":[{"href":"https:\/\/utwstarachowice.pl\/index.php?rest_route=%2Fwp%2Fv2%2Fmedia&parent=1923"}],"wp:term":[{"taxonomy":"category","embeddable":true,"href":"https:\/\/utwstarachowice.pl\/index.php?rest_route=%2Fwp%2Fv2%2Fcategories&post=1923"},{"taxonomy":"post_tag","embeddable":true,"href":"https:\/\/utwstarachowice.pl\/index.php?rest_route=%2Fwp%2Fv2%2Ftags&post=1923"}],"curies":[{"name":"wp","href":"https:\/\/api.w.org\/{rel}","templated":true}]}}