{"id":1917,"date":"2023-08-11T17:53:58","date_gmt":"2023-08-11T15:53:58","guid":{"rendered":"https:\/\/utwstarachowice.pl\/2023\/08\/11\/80rocznica-rozbicia-starachowickiego-wiezienia\/"},"modified":"2023-08-11T17:53:58","modified_gmt":"2023-08-11T15:53:58","slug":"80rocznica-rozbicia-starachowickiego-wiezienia","status":"publish","type":"post","link":"https:\/\/utwstarachowice.pl\/?p=1917","title":{"rendered":"80rocznica rozbicia starachowickiego wi\u0119zienia"},"content":{"rendered":"<p><strong>7.08.23<\/strong> odby\u0142y\u00a0 si\u0119 uroczysto\u015bci<strong> 80 rocznicy<\/strong> rozbicia aresztu niemieckiego przez oddzia\u0142 <strong>Antoniego Hedy &#8222;Szarego&#8221;.<\/strong> Przem\u00f3wienia okoliczno\u015bciowe oraz z\u0142o\u017cenie kwiat\u00f3w i zniczy odby\u0142o si\u0119 pod pomnikiem upami\u0119tniaj\u0105cym to wydarzenie przy ul. Pi\u0142sudskiego.<img loading=\"lazy\" decoding=\"async\" class=\" size-full wp-image-1916\" src=\"https:\/\/utwstarachowice.pl\/wp-content\/uploads\/2023\/08\/received_860123628864722.jpeg\" border=\"0\" width=\"516\" height=\"387\" style=\"display: block; margin-left: auto; margin-right: auto;\" \/><\/p>\n","protected":false},"excerpt":{"rendered":"<p>7.08.23 odby\u0142y\u00a0 si\u0119 uroczysto\u015bci 80 rocznicy rozbicia aresztu niemieckiego przez oddzia\u0142 Antoniego Hedy &#8222;Szarego&#8221;. Przem\u00f3wienia okoliczno\u015bciowe oraz z\u0142o\u017cenie kwiat\u00f3w i &hellip;<\/p>\n","protected":false},"author":3,"featured_media":1916,"comment_status":"open","ping_status":"open","sticky":true,"template":"","format":"standard","meta":{"footnotes":""},"categories":[2],"tags":[],"_links":{"self":[{"href":"https:\/\/utwstarachowice.pl\/index.php?rest_route=\/wp\/v2\/posts\/1917"}],"collection":[{"href":"https:\/\/utwstarachowice.pl\/index.php?rest_route=\/wp\/v2\/posts"}],"about":[{"href":"https:\/\/utwstarachowice.pl\/index.php?rest_route=\/wp\/v2\/types\/post"}],"author":[{"embeddable":true,"href":"https:\/\/utwstarachowice.pl\/index.php?rest_route=\/wp\/v2\/users\/3"}],"replies":[{"embeddable":true,"href":"https:\/\/utwstarachowice.pl\/index.php?rest_route=%2Fwp%2Fv2%2Fcomments&post=1917"}],"version-history":[{"count":0,"href":"https:\/\/utwstarachowice.pl\/index.php?rest_route=\/wp\/v2\/posts\/1917\/revisions"}],"wp:featuredmedia":[{"embeddable":true,"href":"https:\/\/utwstarachowice.pl\/index.php?rest_route=\/"}],"wp:attachment":[{"href":"https:\/\/utwstarachowice.pl\/index.php?rest_route=%2Fwp%2Fv2%2Fmedia&parent=1917"}],"wp:term":[{"taxonomy":"category","embeddable":true,"href":"https:\/\/utwstarachowice.pl\/index.php?rest_route=%2Fwp%2Fv2%2Fcategories&post=1917"},{"taxonomy":"post_tag","embeddable":true,"href":"https:\/\/utwstarachowice.pl\/index.php?rest_route=%2Fwp%2Fv2%2Ftags&post=1917"}],"curies":[{"name":"wp","href":"https:\/\/api.w.org\/{rel}","templated":true}]}}