{"id":1883,"date":"2023-07-15T17:46:50","date_gmt":"2023-07-15T15:46:50","guid":{"rendered":"https:\/\/utwstarachowice.pl\/2023\/07\/15\/zebranie-zarzadu\/"},"modified":"2023-07-15T17:46:50","modified_gmt":"2023-07-15T15:46:50","slug":"zebranie-zarzadu","status":"publish","type":"post","link":"https:\/\/utwstarachowice.pl\/?p=1883","title":{"rendered":"ZEBRANIE ZARZ\u0104DU"},"content":{"rendered":"<p style=\"text-align: left;\"><strong>14.07.23<\/strong> Odby\u0142o si\u0119 zebranie Zarz\u0105du UTW. Ustalono dni dy\u017cur\u00f3w w biurze w okresie wakacji :lipiec w dn. poniedzia\u0142ek i \u015broda w godz.10-12 oraz wrzesie\u0144 codziennie poniedzia\u0142ek-\u015broda wgodz.12-14 i czwartek-pi\u0105tek w godz.10-12.Om\u00f3wili\u015bmy te\u017c przygotowania do DNIA SENIORA kt\u00f3ry\u00a0 rozpocznie si\u0119 9.09.23 o godz.14 na SZLAKOWISKU polonezem w wykonaniu senior\u00f3w.\u00a0 Nast\u0119pnie przemarsz do Amfiteatru gdzie odb\u0119d\u0105 si\u0119 nast\u0119pne cz\u0119\u015bci programu obchod\u00f3w. B\u0119dzie te\u017c pokaz mody do lat 80-tych. Ch\u0119tnych do wzi\u0119cia udzia\u0142u w pokazie prosimy o zg\u0142aszanie si\u0119 do biura UTW. Postanowiono te\u017c uhonorowa\u0107 osoby pomagaj\u0105ce s\u0142uchaczom UTW w realizacji dzia\u0142a\u0144 statuetk\u0105 PRZYJACIEL UTW.<img decoding=\"async\" class=\" size-full wp-image-1879\" src=\"https:\/\/utwstarachowice.pl\/wp-content\/uploads\/2023\/07\/IMG_20230714_100702-scaled.jpg\" border=\"0\" width=\"512\" \/><img loading=\"lazy\" decoding=\"async\" class=\" size-full wp-image-1880\" src=\"https:\/\/utwstarachowice.pl\/wp-content\/uploads\/2023\/07\/IMG_20230714_100946-scaled.jpg\" border=\"0\" width=\"512\" height=\"386\" \/><img decoding=\"async\" class=\" size-full wp-image-1881\" src=\"https:\/\/utwstarachowice.pl\/wp-content\/uploads\/2023\/07\/IMG_20230714_1010022-scaled.jpg\" border=\"0\" width=\"512\" \/><img decoding=\"async\" class=\" size-full wp-image-1882\" src=\"https:\/\/utwstarachowice.pl\/wp-content\/uploads\/2023\/07\/IMG_20230714_1009282-scaled.jpg\" border=\"0\" width=\"512\" \/><\/p>\n","protected":false},"excerpt":{"rendered":"<p>14.07.23 Odby\u0142o si\u0119 zebranie Zarz\u0105du UTW. Ustalono dni dy\u017cur\u00f3w w biurze w okresie wakacji :lipiec w dn. poniedzia\u0142ek i \u015broda &hellip;<\/p>\n","protected":false},"author":3,"featured_media":1879,"comment_status":"open","ping_status":"open","sticky":true,"template":"","format":"standard","meta":{"footnotes":""},"categories":[2],"tags":[],"_links":{"self":[{"href":"https:\/\/utwstarachowice.pl\/index.php?rest_route=\/wp\/v2\/posts\/1883"}],"collection":[{"href":"https:\/\/utwstarachowice.pl\/index.php?rest_route=\/wp\/v2\/posts"}],"about":[{"href":"https:\/\/utwstarachowice.pl\/index.php?rest_route=\/wp\/v2\/types\/post"}],"author":[{"embeddable":true,"href":"https:\/\/utwstarachowice.pl\/index.php?rest_route=\/wp\/v2\/users\/3"}],"replies":[{"embeddable":true,"href":"https:\/\/utwstarachowice.pl\/index.php?rest_route=%2Fwp%2Fv2%2Fcomments&post=1883"}],"version-history":[{"count":0,"href":"https:\/\/utwstarachowice.pl\/index.php?rest_route=\/wp\/v2\/posts\/1883\/revisions"}],"wp:featuredmedia":[{"embeddable":true,"href":"https:\/\/utwstarachowice.pl\/index.php?rest_route=\/"}],"wp:attachment":[{"href":"https:\/\/utwstarachowice.pl\/index.php?rest_route=%2Fwp%2Fv2%2Fmedia&parent=1883"}],"wp:term":[{"taxonomy":"category","embeddable":true,"href":"https:\/\/utwstarachowice.pl\/index.php?rest_route=%2Fwp%2Fv2%2Fcategories&post=1883"},{"taxonomy":"post_tag","embeddable":true,"href":"https:\/\/utwstarachowice.pl\/index.php?rest_route=%2Fwp%2Fv2%2Ftags&post=1883"}],"curies":[{"name":"wp","href":"https:\/\/api.w.org\/{rel}","templated":true}]}}