{"id":1829,"date":"2023-06-21T16:24:55","date_gmt":"2023-06-21T14:24:55","guid":{"rendered":"https:\/\/utwstarachowice.pl\/2023\/06\/21\/wyklad-eko-ogrod\/"},"modified":"2023-06-21T16:24:55","modified_gmt":"2023-06-21T14:24:55","slug":"wyklad-eko-ogrod","status":"publish","type":"post","link":"https:\/\/utwstarachowice.pl\/?p=1829","title":{"rendered":"Wyk\u0142ad  EKO-OGR\u00d3D"},"content":{"rendered":"<p>27.06.2023.zapraszamy na wyk\u0142ad &#8221; Wykorzystanie kurkumy i imbiru&#8221; godz. 9,00<\/p>\n","protected":false},"excerpt":{"rendered":"<p>27.06.2023.zapraszamy na wyk\u0142ad &#8221; Wykorzystanie kurkumy i imbiru&#8221; godz. 9,00<\/p>\n","protected":false},"author":3,"featured_media":0,"comment_status":"open","ping_status":"open","sticky":true,"template":"","format":"standard","meta":{"footnotes":""},"categories":[2],"tags":[],"_links":{"self":[{"href":"https:\/\/utwstarachowice.pl\/index.php?rest_route=\/wp\/v2\/posts\/1829"}],"collection":[{"href":"https:\/\/utwstarachowice.pl\/index.php?rest_route=\/wp\/v2\/posts"}],"about":[{"href":"https:\/\/utwstarachowice.pl\/index.php?rest_route=\/wp\/v2\/types\/post"}],"author":[{"embeddable":true,"href":"https:\/\/utwstarachowice.pl\/index.php?rest_route=\/wp\/v2\/users\/3"}],"replies":[{"embeddable":true,"href":"https:\/\/utwstarachowice.pl\/index.php?rest_route=%2Fwp%2Fv2%2Fcomments&post=1829"}],"version-history":[{"count":0,"href":"https:\/\/utwstarachowice.pl\/index.php?rest_route=\/wp\/v2\/posts\/1829\/revisions"}],"wp:attachment":[{"href":"https:\/\/utwstarachowice.pl\/index.php?rest_route=%2Fwp%2Fv2%2Fmedia&parent=1829"}],"wp:term":[{"taxonomy":"category","embeddable":true,"href":"https:\/\/utwstarachowice.pl\/index.php?rest_route=%2Fwp%2Fv2%2Fcategories&post=1829"},{"taxonomy":"post_tag","embeddable":true,"href":"https:\/\/utwstarachowice.pl\/index.php?rest_route=%2Fwp%2Fv2%2Ftags&post=1829"}],"curies":[{"name":"wp","href":"https:\/\/api.w.org\/{rel}","templated":true}]}}