{"id":1821,"date":"2023-06-18T12:15:29","date_gmt":"2023-06-18T10:15:29","guid":{"rendered":"https:\/\/utwstarachowice.pl\/2023\/06\/18\/turystyczne-wakacje\/"},"modified":"2023-06-18T12:15:29","modified_gmt":"2023-06-18T10:15:29","slug":"turystyczne-wakacje","status":"publish","type":"post","link":"https:\/\/utwstarachowice.pl\/?p=1821","title":{"rendered":"TURYSTYCZNE WAKACJE"},"content":{"rendered":"<p>Zarz\u0105d Ko\u0142a\u00a0 PTTK przy\u00a0 UTW\u00a0 zaprasza wszystkich ch\u0119tnych do udzia\u0142u w spacerach turystyczno-rekreacyjnych wakacje 2023r.<\/p>\n<p>\u00a0 \u00a0 \u00a0 \u00a0 \u00a0 \u00a0 \u00a0 \u00a0 \u00a0 \u00a0 \u00a0 \u00a0 \u00a0 \u00a0 \u00a0 \u00a0 \u00a0 \u00a0 \u00a0 \u00a0 \u00a0 \u00a0 \u00a0 \u00a0PROPOZYCJE<\/p>\n<p>1.Lipiec 19 -\u015broda.<\/p>\n<p>&#8222;Rezerwat ska\u0142y pod Adamowem&#8221;\u00a0<\/p>\n<p>Trasa:\u00a0 Starachowice-MPK linia nr.5 wyjazd godz.8,16 &#8222;Zodiak&#8221;. Dziur\u00f3w przystanek ko\u0144cowy.<\/p>\n<p>Adam\u00f3w czarnym szlakiem rowerowym &#8221; Rezerwat\u00a0 ska\u0142&#8221;<\/p>\n<p>Powr\u00f3t ok.godz.14 do Starachowic MPK. Ca\u0142o\u015b\u0107 trasy ok.10 km.<\/p>\n<p>2.\u00a0 Sierpie\u0144 23-\u015broda.<\/p>\n<p>Trasa: Starachowice MPK linia nr. 16. Wyjazd godz.8,42 &#8222;Zodiak&#8221; -Nowowiejska.<\/p>\n<p>&#8211;\u00a0Kapliczka na &#8222;G\u00f3rce Obrazikowej&#8221;<\/p>\n<p>&#8211; ska\u0142y &#8222;Bia\u0142y Kamie\u0144&#8221;<\/p>\n<p>&#8211; ska\u0142y &#8222;Cyga\u0144ska Kapa&#8221;<\/p>\n<p>Nowowiejska powr\u00f3t MPK linie nr.16 ok. 14,10 lub nr.16 ok14,20.D\u0142ugo\u015b\u0107 tras ok.11 km.<\/p>\n<p>3. Wrzesie\u0144 20-\u015broda<\/p>\n<p>Spacer dooko\u0142a zalewu &#8222;Lubianka&#8221;.\u00a0 Wyjazd linia nr.16 &#8222;Zodiak&#8221; godz. 9,42. Powr\u00f3t MPK\u00a0 linia nr.15 godz.14,20. D\u0142ugo\u015b\u0107 trasy 4 km ul.\u00a0Po\u0142udniowa.<\/p>\n<p><strong>\u00a0Cz\u0142onkowie ko\u0142a PTTK s\u0105 ubezpieczeni. Pozostali uczestnicy ubezpieczaj\u0105 si\u0119 we w\u0142asnym zakresie lub id\u0105 na w\u0142asn\u0105 odpowiedzialno\u015b\u0107.<\/strong><\/p>\n","protected":false},"excerpt":{"rendered":"<p>Zarz\u0105d Ko\u0142a\u00a0 PTTK przy\u00a0 UTW\u00a0 zaprasza wszystkich ch\u0119tnych do udzia\u0142u w spacerach turystyczno-rekreacyjnych wakacje 2023r. \u00a0 \u00a0 \u00a0 \u00a0 \u00a0 &hellip;<\/p>\n","protected":false},"author":3,"featured_media":0,"comment_status":"open","ping_status":"open","sticky":true,"template":"","format":"standard","meta":{"footnotes":""},"categories":[2],"tags":[],"_links":{"self":[{"href":"https:\/\/utwstarachowice.pl\/index.php?rest_route=\/wp\/v2\/posts\/1821"}],"collection":[{"href":"https:\/\/utwstarachowice.pl\/index.php?rest_route=\/wp\/v2\/posts"}],"about":[{"href":"https:\/\/utwstarachowice.pl\/index.php?rest_route=\/wp\/v2\/types\/post"}],"author":[{"embeddable":true,"href":"https:\/\/utwstarachowice.pl\/index.php?rest_route=\/wp\/v2\/users\/3"}],"replies":[{"embeddable":true,"href":"https:\/\/utwstarachowice.pl\/index.php?rest_route=%2Fwp%2Fv2%2Fcomments&post=1821"}],"version-history":[{"count":0,"href":"https:\/\/utwstarachowice.pl\/index.php?rest_route=\/wp\/v2\/posts\/1821\/revisions"}],"wp:attachment":[{"href":"https:\/\/utwstarachowice.pl\/index.php?rest_route=%2Fwp%2Fv2%2Fmedia&parent=1821"}],"wp:term":[{"taxonomy":"category","embeddable":true,"href":"https:\/\/utwstarachowice.pl\/index.php?rest_route=%2Fwp%2Fv2%2Fcategories&post=1821"},{"taxonomy":"post_tag","embeddable":true,"href":"https:\/\/utwstarachowice.pl\/index.php?rest_route=%2Fwp%2Fv2%2Ftags&post=1821"}],"curies":[{"name":"wp","href":"https:\/\/api.w.org\/{rel}","templated":true}]}}