{"id":1818,"date":"2023-06-15T17:10:19","date_gmt":"2023-06-15T15:10:19","guid":{"rendered":"https:\/\/utwstarachowice.pl\/2023\/06\/15\/wykus\/"},"modified":"2023-06-15T17:10:19","modified_gmt":"2023-06-15T15:10:19","slug":"wykus","status":"publish","type":"post","link":"https:\/\/utwstarachowice.pl\/?p=1818","title":{"rendered":",,WYKUS&#8221;"},"content":{"rendered":"<p><img decoding=\"async\" class=\" size-full wp-image-1816\" src=\"https:\/\/utwstarachowice.pl\/wp-content\/uploads\/2023\/06\/received_166632089591920.jpg\" border=\"0\" width=\"512\" style=\"display: block; margin-left: auto; margin-right: auto;\" \/><img decoding=\"async\" class=\" size-full wp-image-1817\" src=\"https:\/\/utwstarachowice.pl\/wp-content\/uploads\/2023\/06\/received_489811400001620.jpg\" border=\"0\" width=\"512\" style=\"display: block; margin-left: auto; margin-right: auto;\" \/>13.06.2023.Na polanie &#8221;WYKUS&#8221; odby\u0142o si\u0119 mi\u0119dzypokoleniowe spotkanie S\u0142uchaczy UTW i M\u0142odzie\u017cy Szko\u0142y Podstawowej w W\u0105chocku. Nie zabrak\u0142 na spotkaniu cz\u0119\u015bci historycznej , pie\u015bni patriotycznych i partyzanckich . Spotkanie zako\u0144czy\u0142o si\u0119 pocz\u0119stunkiem sponsorowanym przez firm\u0119 CERRAD. Organizatorom i uczestnikom serdecznie dzi\u0119kujemy.<\/p>\n","protected":false},"excerpt":{"rendered":"<p>13.06.2023.Na polanie &#8221;WYKUS&#8221; odby\u0142o si\u0119 mi\u0119dzypokoleniowe spotkanie S\u0142uchaczy UTW i M\u0142odzie\u017cy Szko\u0142y Podstawowej w W\u0105chocku. Nie zabrak\u0142 na spotkaniu cz\u0119\u015bci &hellip;<\/p>\n","protected":false},"author":3,"featured_media":1816,"comment_status":"open","ping_status":"open","sticky":true,"template":"","format":"standard","meta":{"footnotes":""},"categories":[2],"tags":[],"_links":{"self":[{"href":"https:\/\/utwstarachowice.pl\/index.php?rest_route=\/wp\/v2\/posts\/1818"}],"collection":[{"href":"https:\/\/utwstarachowice.pl\/index.php?rest_route=\/wp\/v2\/posts"}],"about":[{"href":"https:\/\/utwstarachowice.pl\/index.php?rest_route=\/wp\/v2\/types\/post"}],"author":[{"embeddable":true,"href":"https:\/\/utwstarachowice.pl\/index.php?rest_route=\/wp\/v2\/users\/3"}],"replies":[{"embeddable":true,"href":"https:\/\/utwstarachowice.pl\/index.php?rest_route=%2Fwp%2Fv2%2Fcomments&post=1818"}],"version-history":[{"count":0,"href":"https:\/\/utwstarachowice.pl\/index.php?rest_route=\/wp\/v2\/posts\/1818\/revisions"}],"wp:featuredmedia":[{"embeddable":true,"href":"https:\/\/utwstarachowice.pl\/index.php?rest_route=\/"}],"wp:attachment":[{"href":"https:\/\/utwstarachowice.pl\/index.php?rest_route=%2Fwp%2Fv2%2Fmedia&parent=1818"}],"wp:term":[{"taxonomy":"category","embeddable":true,"href":"https:\/\/utwstarachowice.pl\/index.php?rest_route=%2Fwp%2Fv2%2Fcategories&post=1818"},{"taxonomy":"post_tag","embeddable":true,"href":"https:\/\/utwstarachowice.pl\/index.php?rest_route=%2Fwp%2Fv2%2Ftags&post=1818"}],"curies":[{"name":"wp","href":"https:\/\/api.w.org\/{rel}","templated":true}]}}