{"id":1815,"date":"2023-06-14T21:05:48","date_gmt":"2023-06-14T19:05:48","guid":{"rendered":"https:\/\/utwstarachowice.pl\/2023\/06\/14\/zakonczenie-roku-akademickiego-2022-2023-2\/"},"modified":"2023-06-14T21:05:48","modified_gmt":"2023-06-14T19:05:48","slug":"zakonczenie-roku-akademickiego-2022-2023-2","status":"publish","type":"post","link":"https:\/\/utwstarachowice.pl\/?p=1815","title":{"rendered":"Zako\u0144czenie roku akademickiego 2022\/2023"},"content":{"rendered":"<p>12.06.2023.Uroczyste zako\u0144czenie\u00a0 roku akademickiego odby\u0142o si\u0119 w sali Olimpia przy UM Starachowice. Na wst\u0119pie by\u0142o posumowanie naszej dzia\u0142alno\u015bci przez wiceprezes Ann\u0119 Tokarsk\u0105, wiceprezydent Marcin Go\u0142\u0119biowski podkre\u015blaj\u0105c nasze osi\u0105gni\u0119ci \u017cyczy\u0142 dobrego wypoczynku. Prezes Jerzy Krawczyk z zadowoleniem potwierdzi\u0142 \u017ce by\u0142 to by\u0142 udany rok.\u00a0 Ca\u0142\u0105 uroczysto\u015b\u0107 umila\u0142 nam zesp\u00f3\u0142\u00a0 Srebrne Nuty i zesp\u00f3\u0142 taneczny\u00a0 naszego UTW .<\/p>\n<p><img decoding=\"async\" class=\" size-full wp-image-1296\" src=\"https:\/\/utwstarachowice.pl\/wp-content\/uploads\/2022\/10\/310638560_534283085367141_848412154162954875_n.jpg\" border=\"0\" width=\"512\" style=\"display: block; margin-left: auto; margin-right: auto;\" \/><\/p>\n<p><img decoding=\"async\" class=\" size-full wp-image-1809\" src=\"https:\/\/utwstarachowice.pl\/wp-content\/uploads\/2023\/06\/received_242254958520656.jpg\" border=\"0\" width=\"512\" style=\"display: block; margin-left: auto; margin-right: auto;\" \/><\/p>\n<p><img decoding=\"async\" class=\" size-full wp-image-1810\" src=\"https:\/\/utwstarachowice.pl\/wp-content\/uploads\/2023\/06\/received_562146749328337.jpg\" border=\"0\" width=\"512\" style=\"display: block; margin-left: auto; margin-right: auto;\" \/><\/p>\n<p><img decoding=\"async\" class=\" size-full wp-image-1811\" src=\"https:\/\/utwstarachowice.pl\/wp-content\/uploads\/2023\/06\/received_200015522582492.jpeg\" border=\"0\" width=\"512\" style=\"display: block; margin-left: auto; margin-right: auto;\" \/><\/p>\n<p><img decoding=\"async\" class=\" size-full wp-image-1812\" src=\"https:\/\/utwstarachowice.pl\/wp-content\/uploads\/2023\/06\/received_1345807359366009.jpeg\" border=\"0\" width=\"512\" style=\"display: block; margin-left: auto; margin-right: auto;\" \/><\/p>\n<p><img decoding=\"async\" class=\" size-full wp-image-1813\" src=\"https:\/\/utwstarachowice.pl\/wp-content\/uploads\/2023\/06\/received_2179865148869537.jpeg\" border=\"0\" width=\"512\" style=\"display: block; margin-left: auto; margin-right: auto;\" \/><\/p>\n<p><img decoding=\"async\" class=\" size-full wp-image-1814\" src=\"https:\/\/utwstarachowice.pl\/wp-content\/uploads\/2023\/06\/received_284473013974590.jpeg\" border=\"0\" width=\"512\" style=\"display: block; margin-left: auto; margin-right: auto;\" \/><\/p>\n","protected":false},"excerpt":{"rendered":"<p>12.06.2023.Uroczyste zako\u0144czenie\u00a0 roku akademickiego odby\u0142o si\u0119 w sali Olimpia przy UM Starachowice. Na wst\u0119pie by\u0142o posumowanie naszej dzia\u0142alno\u015bci przez wiceprezes &hellip;<\/p>\n","protected":false},"author":3,"featured_media":1296,"comment_status":"open","ping_status":"open","sticky":true,"template":"","format":"standard","meta":{"footnotes":""},"categories":[1],"tags":[],"_links":{"self":[{"href":"https:\/\/utwstarachowice.pl\/index.php?rest_route=\/wp\/v2\/posts\/1815"}],"collection":[{"href":"https:\/\/utwstarachowice.pl\/index.php?rest_route=\/wp\/v2\/posts"}],"about":[{"href":"https:\/\/utwstarachowice.pl\/index.php?rest_route=\/wp\/v2\/types\/post"}],"author":[{"embeddable":true,"href":"https:\/\/utwstarachowice.pl\/index.php?rest_route=\/wp\/v2\/users\/3"}],"replies":[{"embeddable":true,"href":"https:\/\/utwstarachowice.pl\/index.php?rest_route=%2Fwp%2Fv2%2Fcomments&post=1815"}],"version-history":[{"count":0,"href":"https:\/\/utwstarachowice.pl\/index.php?rest_route=\/wp\/v2\/posts\/1815\/revisions"}],"wp:featuredmedia":[{"embeddable":true,"href":"https:\/\/utwstarachowice.pl\/index.php?rest_route=\/"}],"wp:attachment":[{"href":"https:\/\/utwstarachowice.pl\/index.php?rest_route=%2Fwp%2Fv2%2Fmedia&parent=1815"}],"wp:term":[{"taxonomy":"category","embeddable":true,"href":"https:\/\/utwstarachowice.pl\/index.php?rest_route=%2Fwp%2Fv2%2Fcategories&post=1815"},{"taxonomy":"post_tag","embeddable":true,"href":"https:\/\/utwstarachowice.pl\/index.php?rest_route=%2Fwp%2Fv2%2Ftags&post=1815"}],"curies":[{"name":"wp","href":"https:\/\/api.w.org\/{rel}","templated":true}]}}