{"id":1808,"date":"2023-06-14T19:27:02","date_gmt":"2023-06-14T17:27:02","guid":{"rendered":"https:\/\/utwstarachowice.pl\/2023\/06\/14\/wroclaw\/"},"modified":"2023-06-14T19:27:02","modified_gmt":"2023-06-14T17:27:02","slug":"wroclaw","status":"publish","type":"post","link":"https:\/\/utwstarachowice.pl\/?p=1808","title":{"rendered":"WROC\u0141AW"},"content":{"rendered":"<p><strong><span style=\"font-size: large;\">9-10-11.06.2023<\/span><\/strong> . Wspania\u0142a wycieczka do Wroc\u0142awia .W pierwszy dzie\u0144 stolic\u0119 dolnego\u00a0 \u015bl\u0105ska zwiedzali\u015bmy szlakiem krasnali i browar\u00f3w. Drugi dzie\u0144 up\u0142yn\u0105\u0142 nam na zwiedzaniu zabytk\u00f3w; Ostr\u00f3w Tumski, Panorama Rac\u0142awicka, Hala Stulecia oraz wycieczka statkiem po Odrze. Wieczorem odby\u0142o si\u0119 spotkanie integracyjne z przedstawicielami Uniwersytetu Trzeciego\u00a0 Wieku z Wroc\u0142awia. Niedziela to zwiedzanie\u00a0 Kompleksu Leopoldina i powr\u00f3t do Starachowic .<\/p>\n<p><img decoding=\"async\" class=\" size-full wp-image-1802\" src=\"https:\/\/utwstarachowice.pl\/wp-content\/uploads\/2023\/06\/20230610_101314-scaled.jpg\" border=\"0\" width=\"512\" style=\"display: block; margin-left: auto; margin-right: auto;\" \/><img decoding=\"async\" class=\" size-full wp-image-1803\" src=\"https:\/\/utwstarachowice.pl\/wp-content\/uploads\/2023\/06\/20230609_163717-scaled.jpg\" border=\"0\" width=\"512\" style=\"display: block; margin-left: auto; margin-right: auto;\" \/><img decoding=\"async\" class=\" size-full wp-image-1804\" src=\"https:\/\/utwstarachowice.pl\/wp-content\/uploads\/2023\/06\/20230610_123053_HDR-scaled.jpg\" border=\"0\" width=\"512\" style=\"display: block; margin-left: auto; margin-right: auto;\" \/><img decoding=\"async\" class=\" size-full wp-image-1805\" src=\"https:\/\/utwstarachowice.pl\/wp-content\/uploads\/2023\/06\/20230609_175245_HDR-scaled.jpg\" border=\"0\" width=\"512\" style=\"display: block; margin-left: auto; margin-right: auto;\" \/><img decoding=\"async\" class=\" size-full wp-image-1806\" src=\"https:\/\/utwstarachowice.pl\/wp-content\/uploads\/2023\/06\/20230611_115731-scaled.jpg\" border=\"0\" width=\"512\" style=\"display: block; margin-left: auto; margin-right: auto;\" \/><img decoding=\"async\" class=\" size-full wp-image-1807\" src=\"https:\/\/utwstarachowice.pl\/wp-content\/uploads\/2023\/06\/received_752541986619702.jpg\" border=\"0\" width=\"512\" style=\"display: block; margin-left: auto; margin-right: auto;\" \/><\/p>\n","protected":false},"excerpt":{"rendered":"<p>9-10-11.06.2023 . Wspania\u0142a wycieczka do Wroc\u0142awia .W pierwszy dzie\u0144 stolic\u0119 dolnego\u00a0 \u015bl\u0105ska zwiedzali\u015bmy szlakiem krasnali i browar\u00f3w. Drugi dzie\u0144 up\u0142yn\u0105\u0142 &hellip;<\/p>\n","protected":false},"author":3,"featured_media":1802,"comment_status":"open","ping_status":"open","sticky":true,"template":"","format":"standard","meta":{"footnotes":""},"categories":[2],"tags":[],"_links":{"self":[{"href":"https:\/\/utwstarachowice.pl\/index.php?rest_route=\/wp\/v2\/posts\/1808"}],"collection":[{"href":"https:\/\/utwstarachowice.pl\/index.php?rest_route=\/wp\/v2\/posts"}],"about":[{"href":"https:\/\/utwstarachowice.pl\/index.php?rest_route=\/wp\/v2\/types\/post"}],"author":[{"embeddable":true,"href":"https:\/\/utwstarachowice.pl\/index.php?rest_route=\/wp\/v2\/users\/3"}],"replies":[{"embeddable":true,"href":"https:\/\/utwstarachowice.pl\/index.php?rest_route=%2Fwp%2Fv2%2Fcomments&post=1808"}],"version-history":[{"count":0,"href":"https:\/\/utwstarachowice.pl\/index.php?rest_route=\/wp\/v2\/posts\/1808\/revisions"}],"wp:featuredmedia":[{"embeddable":true,"href":"https:\/\/utwstarachowice.pl\/index.php?rest_route=\/"}],"wp:attachment":[{"href":"https:\/\/utwstarachowice.pl\/index.php?rest_route=%2Fwp%2Fv2%2Fmedia&parent=1808"}],"wp:term":[{"taxonomy":"category","embeddable":true,"href":"https:\/\/utwstarachowice.pl\/index.php?rest_route=%2Fwp%2Fv2%2Fcategories&post=1808"},{"taxonomy":"post_tag","embeddable":true,"href":"https:\/\/utwstarachowice.pl\/index.php?rest_route=%2Fwp%2Fv2%2Ftags&post=1808"}],"curies":[{"name":"wp","href":"https:\/\/api.w.org\/{rel}","templated":true}]}}