{"id":1796,"date":"2023-06-14T17:10:30","date_gmt":"2023-06-14T15:10:30","guid":{"rendered":"https:\/\/utwstarachowice.pl\/2023\/06\/14\/29-05-2023-walne-zebranie-sluchaczy-utw\/"},"modified":"2023-06-14T17:10:30","modified_gmt":"2023-06-14T15:10:30","slug":"29-05-2023-walne-zebranie-sluchaczy-utw","status":"publish","type":"post","link":"https:\/\/utwstarachowice.pl\/?p=1796","title":{"rendered":"29.05.2023- Walne zebranie s\u0142uchaczy UTW"},"content":{"rendered":"<p>Podczas walnego zebrania s\u0142uchaczy UTW wybrano nowe w\u0142adze do Zarz\u0105du i Samorz\u0105du studenckiego oraz Komisj\u0119 Rewizyjn\u0105. W\u015br\u00f3d zaproszonych go\u015bci byli wicestarosta Dariusz D\u0105browski i wiceprezydent\u00a0 Marcin Go\u0142\u0119biowski. Honorowymi cz\u0142onkami UTW zosta\u0142y Bogusia Skrobisz i El\u017cbieta Durlej.<\/p>\n<p><img decoding=\"async\" class=\" size-full wp-image-1791\" src=\"https:\/\/utwstarachowice.pl\/wp-content\/uploads\/2023\/06\/IMG_20230529_1205142-scaled.jpg\" border=\"0\" width=\"512\" style=\"display: block; margin-left: auto; margin-right: auto;\" \/><img decoding=\"async\" class=\" size-full wp-image-1792\" src=\"https:\/\/utwstarachowice.pl\/wp-content\/uploads\/2023\/06\/IMG_20230529_1135512-scaled.jpg\" border=\"0\" width=\"512\" style=\"display: block; margin-left: auto; margin-right: auto;\" \/><img loading=\"lazy\" decoding=\"async\" class=\" size-full wp-image-1793\" src=\"https:\/\/utwstarachowice.pl\/wp-content\/uploads\/2023\/06\/IMG_20230529_103615-scaled.jpg\" border=\"0\" width=\"477\" height=\"633\" style=\"display: block; margin-left: auto; margin-right: auto;\" \/><img decoding=\"async\" class=\" size-full wp-image-1794\" src=\"https:\/\/utwstarachowice.pl\/wp-content\/uploads\/2023\/06\/IMG_20230529_103541-scaled.jpg\" border=\"0\" width=\"512\" style=\"display: block; margin-left: auto; margin-right: auto;\" \/><img decoding=\"async\" class=\" size-full wp-image-1795\" src=\"https:\/\/utwstarachowice.pl\/wp-content\/uploads\/2023\/06\/IMG_20230529_1209532-scaled.jpg\" border=\"0\" width=\"512\" style=\"display: block; margin-left: auto; margin-right: auto;\" \/><\/p>\n","protected":false},"excerpt":{"rendered":"<p>Podczas walnego zebrania s\u0142uchaczy UTW wybrano nowe w\u0142adze do Zarz\u0105du i Samorz\u0105du studenckiego oraz Komisj\u0119 Rewizyjn\u0105. W\u015br\u00f3d zaproszonych go\u015bci byli &hellip;<\/p>\n","protected":false},"author":3,"featured_media":1791,"comment_status":"open","ping_status":"open","sticky":true,"template":"","format":"standard","meta":{"footnotes":""},"categories":[2],"tags":[],"_links":{"self":[{"href":"https:\/\/utwstarachowice.pl\/index.php?rest_route=\/wp\/v2\/posts\/1796"}],"collection":[{"href":"https:\/\/utwstarachowice.pl\/index.php?rest_route=\/wp\/v2\/posts"}],"about":[{"href":"https:\/\/utwstarachowice.pl\/index.php?rest_route=\/wp\/v2\/types\/post"}],"author":[{"embeddable":true,"href":"https:\/\/utwstarachowice.pl\/index.php?rest_route=\/wp\/v2\/users\/3"}],"replies":[{"embeddable":true,"href":"https:\/\/utwstarachowice.pl\/index.php?rest_route=%2Fwp%2Fv2%2Fcomments&post=1796"}],"version-history":[{"count":0,"href":"https:\/\/utwstarachowice.pl\/index.php?rest_route=\/wp\/v2\/posts\/1796\/revisions"}],"wp:featuredmedia":[{"embeddable":true,"href":"https:\/\/utwstarachowice.pl\/index.php?rest_route=\/"}],"wp:attachment":[{"href":"https:\/\/utwstarachowice.pl\/index.php?rest_route=%2Fwp%2Fv2%2Fmedia&parent=1796"}],"wp:term":[{"taxonomy":"category","embeddable":true,"href":"https:\/\/utwstarachowice.pl\/index.php?rest_route=%2Fwp%2Fv2%2Fcategories&post=1796"},{"taxonomy":"post_tag","embeddable":true,"href":"https:\/\/utwstarachowice.pl\/index.php?rest_route=%2Fwp%2Fv2%2Ftags&post=1796"}],"curies":[{"name":"wp","href":"https:\/\/api.w.org\/{rel}","templated":true}]}}