{"id":1757,"date":"2023-05-19T16:23:49","date_gmt":"2023-05-19T14:23:49","guid":{"rendered":"https:\/\/utwstarachowice.pl\/2023\/05\/19\/zaproszenie-na-2-spotkania-25-i-26-maja\/"},"modified":"2023-05-19T16:23:49","modified_gmt":"2023-05-19T14:23:49","slug":"zaproszenie-na-2-spotkania-25-i-26-maja","status":"publish","type":"post","link":"https:\/\/utwstarachowice.pl\/?p=1757","title":{"rendered":"ZAPROSZENIE  NA  2  SPOTKANIA  25 i 26 MAJA."},"content":{"rendered":"<div>\n<p>Z okazji Dnia Matki Prezydent Miasta Marek Materek i Miejska Biblioteka Publiczna w Starachowicach zapraszaj\u0105 na koncert w wykonaniu uczni\u00f3w Pa\u0144stwowej Szko\u0142y Muzycznej I stopnia im. Feliksa Rybickiego w Starachowicach pt. \u201eMuzyka dla Mam\u201d. Spotkanie odb\u0119dzie si\u0119 25 maja o godz. 16:30 w Czytelni MBP przy ul. Kochanowskiego 5. Wst\u0119p wolny.<\/p>\n<p>Miejska Biblioteka Publiczna i Oddzia\u0142 Mi\u0119dzyszkolny PTTK w Starachowicach zapraszaj\u0105 na spotkanie z Lechem Flaczy\u0144skim, himalaist\u0105 i podr\u00f3\u017cnikiem pt. \u201ePolish Family Expedition \u2013 MAKALU 8463 m\u201d. Spotkanie odb\u0119dzie si\u0119 26 maja o godz. 17:00 w Czytelni MBP przy ul. Kochanowskiego 5. Wst\u0119p wolny.<\/p>\n<p>Pozdrawiam<\/p><\/div>\n<div>&#8211;<\/p>\n<div><span>Jolanta Sopi\u0144ska<\/span><\/div>\n<div><span>Dyrektor\u00a0<\/span><span>Miejskiej Biblioteki\u00a0<\/span><span>Publicznej<\/span><\/div>\n<div><span>im. Adolfa Dygasi\u0144skiego<\/span><\/div>\n<div><span>ul. Kochanowskiego 5<\/span><\/div>\n<div><span>\u00a0<img decoding=\"async\" class=\" size-full wp-image-1755\" src=\"https:\/\/utwstarachowice.pl\/wp-content\/uploads\/2023\/05\/Polish-Family-Expedition-MAKALU-8463-m.png\" border=\"0\" width=\"521\" style=\"display: block; margin-left: auto; margin-right: auto;\" \/><\/span><\/div>\n<div><img decoding=\"async\" class=\" size-full wp-image-1756\" src=\"https:\/\/utwstarachowice.pl\/wp-content\/uploads\/2023\/05\/MUZYKA-DLA-MAM.png\" border=\"0\" width=\"521\" style=\"display: block; margin-left: auto; margin-right: auto;\" \/><\/div>\n<\/div>\n<div>\u00a0<\/div>\n","protected":false},"excerpt":{"rendered":"<p>Z okazji Dnia Matki Prezydent Miasta Marek Materek i Miejska Biblioteka Publiczna w Starachowicach zapraszaj\u0105 na koncert w wykonaniu uczni\u00f3w &hellip;<\/p>\n","protected":false},"author":3,"featured_media":1755,"comment_status":"open","ping_status":"open","sticky":true,"template":"","format":"standard","meta":{"footnotes":""},"categories":[2],"tags":[],"_links":{"self":[{"href":"https:\/\/utwstarachowice.pl\/index.php?rest_route=\/wp\/v2\/posts\/1757"}],"collection":[{"href":"https:\/\/utwstarachowice.pl\/index.php?rest_route=\/wp\/v2\/posts"}],"about":[{"href":"https:\/\/utwstarachowice.pl\/index.php?rest_route=\/wp\/v2\/types\/post"}],"author":[{"embeddable":true,"href":"https:\/\/utwstarachowice.pl\/index.php?rest_route=\/wp\/v2\/users\/3"}],"replies":[{"embeddable":true,"href":"https:\/\/utwstarachowice.pl\/index.php?rest_route=%2Fwp%2Fv2%2Fcomments&post=1757"}],"version-history":[{"count":0,"href":"https:\/\/utwstarachowice.pl\/index.php?rest_route=\/wp\/v2\/posts\/1757\/revisions"}],"wp:featuredmedia":[{"embeddable":true,"href":"https:\/\/utwstarachowice.pl\/index.php?rest_route=\/"}],"wp:attachment":[{"href":"https:\/\/utwstarachowice.pl\/index.php?rest_route=%2Fwp%2Fv2%2Fmedia&parent=1757"}],"wp:term":[{"taxonomy":"category","embeddable":true,"href":"https:\/\/utwstarachowice.pl\/index.php?rest_route=%2Fwp%2Fv2%2Fcategories&post=1757"},{"taxonomy":"post_tag","embeddable":true,"href":"https:\/\/utwstarachowice.pl\/index.php?rest_route=%2Fwp%2Fv2%2Ftags&post=1757"}],"curies":[{"name":"wp","href":"https:\/\/api.w.org\/{rel}","templated":true}]}}