{"id":1753,"date":"2023-05-18T17:52:08","date_gmt":"2023-05-18T15:52:08","guid":{"rendered":"https:\/\/utwstarachowice.pl\/2023\/05\/18\/fascynujacy-swiat-owadow\/"},"modified":"2023-05-18T17:52:08","modified_gmt":"2023-05-18T15:52:08","slug":"fascynujacy-swiat-owadow","status":"publish","type":"post","link":"https:\/\/utwstarachowice.pl\/?p=1753","title":{"rendered":"FASCYNUJ\u0104CY  \u015aWIAT  OWAD\u00d3W"},"content":{"rendered":"<div dir=\"auto\">18 maja &#8211; sekcja przyrodnicza.<\/div>\n<div dir=\"auto\">Temat prezentacji &#8222;Fascynuj\u0105cy \u015bwiat owad\u00f3w spo\u0142ecznych.&#8221; To by\u0142a kontynuacja opowie\u015bci Pani Wioletty Sobieraj, wicedyrektorki Muzeum Przyrody i Techniki o superspo\u0142eczno\u015bci jak\u0105 tworz\u0105 pszczo\u0142y miodne.<\/div>\n<div dir=\"auto\">Tym razem w roli g\u0142\u00f3wnych bohaterek wyst\u0105pi\u0142y niezwykle r\u00f3\u017cnorodne pod wieloma wzgl\u0119dami spo\u0142ecze\u0144stwa mr\u00f3wek \u017cyj\u0105ce na wszystkich kontynentach. Pani Wioletta Sobieraj uczestniczy\u0142a te\u017c na zaproszenie prowadz\u0105cej w tym wyk\u0142adzie. W podzi\u0119kowaniu przekaza\u0142a pi\u0119kny kalendarz na 2 lata 2023\/2024 dotycz\u0105cy\u00a0 Muzeum Przyrody i Techniki dla prowadz\u0105cej Krysi Dutkiewicz. Uczestnicy dzisiejszego wyk\u0142adu serdecznie dzi\u0119kuj\u0105 za wspaniale\u00a0 poprowadzony\u00a0 i\u00a0 ciekawy\u00a0 temat.<\/p>\n<\/div>\n<div dir=\"auto\"><img decoding=\"async\" class=\" size-full wp-image-1752\" src=\"https:\/\/utwstarachowice.pl\/wp-content\/uploads\/2023\/05\/IMG20230518114931-scaled.jpg\" border=\"0\" width=\"521\" style=\"display: block; margin-left: auto; margin-right: auto;\" \/><\/div>\n<div dir=\"auto\"><img decoding=\"async\" class=\" size-full wp-image-87\" src=\"https:\/\/utwstarachowice.pl\/wp-content\/uploads\/2016\/11\/received_769691421531796.jpg\" border=\"0\" width=\"521\" style=\"display: block; margin-left: auto; margin-right: auto;\" \/><\/div>\n<div dir=\"auto\">\u00a0<\/div>\n<div dir=\"auto\"><img decoding=\"async\" class=\" size-full wp-image-88\" src=\"https:\/\/utwstarachowice.pl\/wp-content\/uploads\/2016\/11\/IMG20230518114747-scaled.jpg\" border=\"0\" width=\"521\" style=\"display: block; margin-left: auto; margin-right: auto;\" \/><\/div>\n","protected":false},"excerpt":{"rendered":"<p>18 maja &#8211; sekcja przyrodnicza. Temat prezentacji &#8222;Fascynuj\u0105cy \u015bwiat owad\u00f3w spo\u0142ecznych.&#8221; To by\u0142a kontynuacja opowie\u015bci Pani Wioletty Sobieraj, wicedyrektorki Muzeum &hellip;<\/p>\n","protected":false},"author":3,"featured_media":1752,"comment_status":"open","ping_status":"open","sticky":true,"template":"","format":"standard","meta":{"footnotes":""},"categories":[2],"tags":[],"_links":{"self":[{"href":"https:\/\/utwstarachowice.pl\/index.php?rest_route=\/wp\/v2\/posts\/1753"}],"collection":[{"href":"https:\/\/utwstarachowice.pl\/index.php?rest_route=\/wp\/v2\/posts"}],"about":[{"href":"https:\/\/utwstarachowice.pl\/index.php?rest_route=\/wp\/v2\/types\/post"}],"author":[{"embeddable":true,"href":"https:\/\/utwstarachowice.pl\/index.php?rest_route=\/wp\/v2\/users\/3"}],"replies":[{"embeddable":true,"href":"https:\/\/utwstarachowice.pl\/index.php?rest_route=%2Fwp%2Fv2%2Fcomments&post=1753"}],"version-history":[{"count":0,"href":"https:\/\/utwstarachowice.pl\/index.php?rest_route=\/wp\/v2\/posts\/1753\/revisions"}],"wp:featuredmedia":[{"embeddable":true,"href":"https:\/\/utwstarachowice.pl\/index.php?rest_route=\/"}],"wp:attachment":[{"href":"https:\/\/utwstarachowice.pl\/index.php?rest_route=%2Fwp%2Fv2%2Fmedia&parent=1753"}],"wp:term":[{"taxonomy":"category","embeddable":true,"href":"https:\/\/utwstarachowice.pl\/index.php?rest_route=%2Fwp%2Fv2%2Fcategories&post=1753"},{"taxonomy":"post_tag","embeddable":true,"href":"https:\/\/utwstarachowice.pl\/index.php?rest_route=%2Fwp%2Fv2%2Ftags&post=1753"}],"curies":[{"name":"wp","href":"https:\/\/api.w.org\/{rel}","templated":true}]}}