{"id":1715,"date":"2023-05-10T17:45:44","date_gmt":"2023-05-10T15:45:44","guid":{"rendered":"https:\/\/utwstarachowice.pl\/2023\/05\/10\/walne-zebranie-sprawozdawczo-wyborcze-29-maja-2023r\/"},"modified":"2023-05-10T17:45:44","modified_gmt":"2023-05-10T15:45:44","slug":"walne-zebranie-sprawozdawczo-wyborcze-29-maja-2023r","status":"publish","type":"post","link":"https:\/\/utwstarachowice.pl\/?p=1715","title":{"rendered":"WALNE  ZEBRANIE  SPRAWOZDAWCZO &#8211; WYBORCZE &#8211; 29 MAJA 2023r."},"content":{"rendered":"<p><strong><span style=\"font-size: large;\">Na podstawie\u00a0 par.20 pkt.2 i 3 Statutu\u00a0 Uniwersytetu\u00a0 Trzeciego\u00a0 Wieku w Starachowicach Zarz\u0105d\u00a0 postanowi\u0142:<\/span><\/strong><\/p>\n<p><strong><span style=\"font-size: large;\">1.Zwo\u0142a\u0107 Walne Zebranie sprawozdawczo &#8211; wyborcze s\u0142uchaczy UTW na dzie\u0144 29 maja 2023r o godz.10:00<\/span><\/strong><\/p>\n<p><strong><span style=\"font-size: large;\">2.Miejsce Walnego Zebrania Sala Konferecyjna &#8222;OLIMPIA&#8221; Urz\u0119du\u00a0 Miasta\u00a0 &#8211; ul. Radomska.<\/span><\/strong><\/p>\n<p><strong><span style=\"font-size: large;\">3.Porz\u0105dek Walnego\u00a0 Zebrania s\u0142uchaczy\u00a0 UTW:<\/span><\/strong><\/p>\n<p>\u00a0 \u00a0 \u00a0<span style=\"font-size: medium;\">1.Otwarcie\u00a0 Walnego\u00a0 Zebrania;<\/span><\/p>\n<p><span style=\"font-size: medium;\">\u00a0 \u00a0 \u00a02.Wyb\u00f3r\u00a0 Przewodnicz\u0105cego\u00a0 Walnego\u00a0 Zebrania;<\/span><\/p>\n<p><span style=\"font-size: medium;\">\u00a0 \u00a0 \u00a03.Wyb\u00f3r\u00a0 Komisji\u00a0 Skrutacyjnej;<\/span><\/p>\n<p><span style=\"font-size: medium;\">\u00a0 \u00a0 \u00a04.Podj\u0119cie\u00a0 uchwa\u0142y\u00a0 o\u00a0 nadanie tytu\u0142u\u00a0 Honorowego Cz\u0142onka\u00a0 UTW;<\/span><\/p>\n<p><span style=\"font-size: medium;\">\u00a0 \u00a0 \u00a05. Sprawozdanie\u00a0 finansowe\u00a0 za rok\u00a0 2022;<\/span><\/p>\n<p><span style=\"font-size: medium;\">\u00a0 \u00a0 \u00a06. Sprawozdanie merytoryczne\u00a0 za\u00a0 rok 2022;<\/span><\/p>\n<p><span style=\"font-size: medium;\">\u00a0 \u00a0 \u00a07.Opinia\u00a0 Komisji\u00a0 Rewizyjnej;<\/span><\/p>\n<p><span style=\"font-size: medium;\">\u00a0 \u00a0 \u00a08.Sprawozdanie\u00a0 Komisji Rewizyjnej;<\/span><\/p>\n<p><span style=\"font-size: medium;\">\u00a0 9.Podj\u0119cie uchwa\u0142y o przyj\u0119ciu\u00a0 sprawozdania\u00a0 finansowego\u00a0 i\u00a0 merytorycznego;<\/span><\/p>\n<p><span style=\"font-size: medium;\">\u00a0 \u00a010.Sprawozdanie\u00a0 z\u00a0 dzia\u0142alno\u015bci\u00a0 Samorz\u0105du\u00a0 Studenckiego ;<\/span><\/p>\n<p><span style=\"font-size: medium;\">\u00a0 \u00a011. Wyb\u00f3r\u00a0 cz\u0142onk\u00f3w\u00a0 Komisji\u00a0 Rewizyjnej\u00a0 na\u00a0 now\u0105\u00a0 kadencj\u0119;<\/span><\/p>\n<p><span style=\"font-size: medium;\">\u00a0 \u00a012. Dyskusja;<\/span><\/p>\n<p><span style=\"font-size: medium;\">\u00a0 \u00a013. Wyb\u00f3r\u00a0 cz\u0142onk\u00f3w\u00a0 nowego\u00a0 Zarz\u0105du\u00a0 UTW;<\/span><\/p>\n<p><span style=\"font-size: medium;\">\u00a0 \u00a014.Wyb\u00f3r\u00a0 czlonk\u00f3w\u00a0 Samorz\u0105du\u00a0 Studenckiego;<\/span><\/p>\n<p><span style=\"font-size: medium;\">\u00a0 \u00a015.Przedstawienie\u00a0 planu\u00a0 finansowego\u00a0 na\u00a0 rok\u00a0 2023;<\/span><\/p>\n<p><span style=\"font-size: medium;\">\u00a0 \u00a016. Przedstawienie\u00a0 planu\u00a0 merytorycznego\u00a0 na rok\u00a0 2023;<\/span><\/p>\n<p><span style=\"font-size: medium;\">\u00a0 \u00a017. Odczytanie\u00a0 przyj\u0119tych\u00a0 uchwa\u0142;<\/span><\/p>\n<p><span style=\"font-size: medium;\">\u00a0 \u00a018. Zako\u0144czenie\u00a0 Walnego\u00a0 Zebrania.\u00a0<\/span><\/p>\n","protected":false},"excerpt":{"rendered":"<p>Na podstawie\u00a0 par.20 pkt.2 i 3 Statutu\u00a0 Uniwersytetu\u00a0 Trzeciego\u00a0 Wieku w Starachowicach Zarz\u0105d\u00a0 postanowi\u0142: 1.Zwo\u0142a\u0107 Walne Zebranie sprawozdawczo &#8211; wyborcze &hellip;<\/p>\n","protected":false},"author":3,"featured_media":0,"comment_status":"open","ping_status":"open","sticky":true,"template":"","format":"standard","meta":{"footnotes":""},"categories":[1],"tags":[],"_links":{"self":[{"href":"https:\/\/utwstarachowice.pl\/index.php?rest_route=\/wp\/v2\/posts\/1715"}],"collection":[{"href":"https:\/\/utwstarachowice.pl\/index.php?rest_route=\/wp\/v2\/posts"}],"about":[{"href":"https:\/\/utwstarachowice.pl\/index.php?rest_route=\/wp\/v2\/types\/post"}],"author":[{"embeddable":true,"href":"https:\/\/utwstarachowice.pl\/index.php?rest_route=\/wp\/v2\/users\/3"}],"replies":[{"embeddable":true,"href":"https:\/\/utwstarachowice.pl\/index.php?rest_route=%2Fwp%2Fv2%2Fcomments&post=1715"}],"version-history":[{"count":0,"href":"https:\/\/utwstarachowice.pl\/index.php?rest_route=\/wp\/v2\/posts\/1715\/revisions"}],"wp:attachment":[{"href":"https:\/\/utwstarachowice.pl\/index.php?rest_route=%2Fwp%2Fv2%2Fmedia&parent=1715"}],"wp:term":[{"taxonomy":"category","embeddable":true,"href":"https:\/\/utwstarachowice.pl\/index.php?rest_route=%2Fwp%2Fv2%2Fcategories&post=1715"},{"taxonomy":"post_tag","embeddable":true,"href":"https:\/\/utwstarachowice.pl\/index.php?rest_route=%2Fwp%2Fv2%2Ftags&post=1715"}],"curies":[{"name":"wp","href":"https:\/\/api.w.org\/{rel}","templated":true}]}}