{"id":1712,"date":"2023-05-10T15:44:56","date_gmt":"2023-05-10T13:44:56","guid":{"rendered":"https:\/\/utwstarachowice.pl\/2023\/05\/10\/miejska-biblioteka-publiczna-zaprasza-zaprasza\/"},"modified":"2023-05-10T15:44:56","modified_gmt":"2023-05-10T13:44:56","slug":"miejska-biblioteka-publiczna-zaprasza-zaprasza","status":"publish","type":"post","link":"https:\/\/utwstarachowice.pl\/?p=1712","title":{"rendered":"MIEJSKA  BIBLIOTEKA  PUBLICZNA  ZAPRASZA"},"content":{"rendered":"<div>\n<p>Miejska Biblioteka Publiczna im. A. Dygasi\u0144skiego w Starachowicach oraz Starachowickie Towarzystwo Fotograficzne zapraszaj\u0105 na wernisa\u017c \u201eSpojrzenie\u2026 Z fotografi\u0105 w Bibliotece\u201d.<\/p>\n<p>Autorki zdj\u0119\u0107: Aldona Ba\u0142towska-Jagie\u0142a, Dorota Jab\u0142o\u0144ska i Magdalena Massalska-Osych, zrzeszone w Starachowickim Towarzystwie Fotograficznym na co dzie\u0144 pracuj\u0105 w Miejskiej Bibliotece Publicznej. Fotografowanie sta\u0142o si\u0119 ich pasj\u0105. Dzi\u0119ki Stowarzyszeniu mog\u0105 si\u0119 w pe\u0142ni realizowa\u0107. Jak? Oce\u0144cie Pa\u0144stwo sami.<\/p>\n<p>Wystawa zorganizowana w ramach Og\u00f3lnopolskiego Tygodnia Bibliotek oraz 75-lecia powstania Miejskiej Biblioteki Publicznej w Starachowicach.<\/p>\n<p>Zapraszamy 11 maja 2023 r. o godz. 17:00<\/p>\n<p>Czytelnia MBP \u2013 ul. Kochanowskiego 5.<\/p>\n<p>Wst\u0119p wolny.<\/p>\n<\/div>\n<div>&#8212;<\/p>\n<div><span>Iwona G\u0105bka<\/span><\/div>\n<div><span><img decoding=\"async\" class=\" size-full wp-image-1711\" src=\"https:\/\/utwstarachowice.pl\/wp-content\/uploads\/2023\/05\/spojrzenie.png\" border=\"0\" width=\"521\" style=\"display: block; margin-left: auto; margin-right: auto;\" \/><\/span><\/div>\n<\/div>\n","protected":false},"excerpt":{"rendered":"<p>Miejska Biblioteka Publiczna im. A. Dygasi\u0144skiego w Starachowicach oraz Starachowickie Towarzystwo Fotograficzne zapraszaj\u0105 na wernisa\u017c \u201eSpojrzenie\u2026 Z fotografi\u0105 w Bibliotece\u201d. &hellip;<\/p>\n","protected":false},"author":3,"featured_media":1711,"comment_status":"open","ping_status":"open","sticky":true,"template":"","format":"standard","meta":{"footnotes":""},"categories":[2],"tags":[],"_links":{"self":[{"href":"https:\/\/utwstarachowice.pl\/index.php?rest_route=\/wp\/v2\/posts\/1712"}],"collection":[{"href":"https:\/\/utwstarachowice.pl\/index.php?rest_route=\/wp\/v2\/posts"}],"about":[{"href":"https:\/\/utwstarachowice.pl\/index.php?rest_route=\/wp\/v2\/types\/post"}],"author":[{"embeddable":true,"href":"https:\/\/utwstarachowice.pl\/index.php?rest_route=\/wp\/v2\/users\/3"}],"replies":[{"embeddable":true,"href":"https:\/\/utwstarachowice.pl\/index.php?rest_route=%2Fwp%2Fv2%2Fcomments&post=1712"}],"version-history":[{"count":0,"href":"https:\/\/utwstarachowice.pl\/index.php?rest_route=\/wp\/v2\/posts\/1712\/revisions"}],"wp:featuredmedia":[{"embeddable":true,"href":"https:\/\/utwstarachowice.pl\/index.php?rest_route=\/"}],"wp:attachment":[{"href":"https:\/\/utwstarachowice.pl\/index.php?rest_route=%2Fwp%2Fv2%2Fmedia&parent=1712"}],"wp:term":[{"taxonomy":"category","embeddable":true,"href":"https:\/\/utwstarachowice.pl\/index.php?rest_route=%2Fwp%2Fv2%2Fcategories&post=1712"},{"taxonomy":"post_tag","embeddable":true,"href":"https:\/\/utwstarachowice.pl\/index.php?rest_route=%2Fwp%2Fv2%2Ftags&post=1712"}],"curies":[{"name":"wp","href":"https:\/\/api.w.org\/{rel}","templated":true}]}}