{"id":1704,"date":"2023-05-08T18:26:18","date_gmt":"2023-05-08T16:26:18","guid":{"rendered":"https:\/\/utwstarachowice.pl\/2023\/05\/08\/wiosna-to-dobra-pora-dla-seniora\/"},"modified":"2023-05-08T18:26:18","modified_gmt":"2023-05-08T16:26:18","slug":"wiosna-to-dobra-pora-dla-seniora","status":"publish","type":"post","link":"https:\/\/utwstarachowice.pl\/?p=1704","title":{"rendered":"WIOSNA  TO  DOBRA  PORA  DLA  SENIORA"},"content":{"rendered":"<div>\n<div dir=\"auto\">\n<div id=\":r39:\" class=\"x1iorvi4 x1pi30zi x1swvt13 xjkvuk6\" data-ad-comet-preview=\"message\" data-ad-preview=\"message\">\n<div class=\"x78zum5 xdt5ytf xz62fqu x16ldp7u\">\n<div class=\"xu06os2 x1ok221b\">\n<div class=\"xdj266r x11i5rnm xat24cr x1mh8g0r x1vvkbs x126k92a\">\n<div dir=\"auto\"><span style=\"font-size: large;\">Sekcja teatralna ,,Scena UTW&#8221; i zesp\u00f3\u0142 wokalny ,,Srebrne Nuty&#8221;serdecznie zapraszaj\u0105 Kole\u017canki i Koleg\u00f3w z UTW na sw\u00f3j wyst\u0119p,, Wiosna &#8211; to dobra pora dla Seniora&#8221;. Przedstawienie odb\u0119dzie si\u0119 w najbli\u017cszy czwartek o godzinie 15:00 w Szkole Podstawowej nr.11(sala gimnastyczna)<\/span><\/div>\n<\/div>\n<\/div>\n<\/div>\n<\/div>\n<\/div>\n<\/div>\n<div class=\"x8gbvx8 xdppsyt x1n2xptk x78zum5 x1q0g3np x1qughib xz9dl7a xn6708d xsag5q8 xpkgp8e x14vqqas\">\n<div class=\"x78zum5 x13a6bvl\">\n<div class=\"x1n2onr6 x1ja2u2z x78zum5 x2lah0s xl56j7k x6s0dn4 xozqiw3 x1q0g3np xi112ho x17zwfj4 x585lrc x1403ito x972fbf xcfux6l x1qhh985 xm0m39n x9f619 xn6708d x1ye3gou xtvsq51 x1fq8qgq\">\n<div class=\"x6s0dn4 x78zum5 xl56j7k x1608yet xljgi0e x1e0frkt\">\n<div class=\"x9f619 x1n2onr6 x1ja2u2z x193iq5w xeuugli x6s0dn4 x78zum5 x2lah0s x1fbi1t2 xl8fo4v\"><span class=\"x193iq5w xeuugli x13faqbe x1vvkbs x1xmvt09 x1lliihq x1s928wv xhkezso x1gmr53x x1cpjm7i x1fgarty x1943h6x xudqn12 x3x7a5m x1lkfr7t x1lbecb7 x1s688f xtk6v10\" style=\"font-size: large;\" dir=\"auto\"><span class=\"x1lliihq x6ikm8r x10wlt62 x1n2onr6 xlyipyv xuxw1ft x1j85h84\">\u00a0<\/span><\/span><\/div>\n<\/div>\n<div class=\"x1o1ewxj x3x9cwd x1e5q0jg x13rtm0m x1ey2m1c xds687c xg01cxk x47corl x10l6tqk x17qophe x13vifvy x1ebt8du x19991ni x1dhq9h\" data-visualcompletion=\"ignore\">\u00a0<\/div>\n<\/div>\n<\/div>\n<\/div>\n<div>\u00a0<\/div>\n","protected":false},"excerpt":{"rendered":"<p>Sekcja teatralna ,,Scena UTW&#8221; i zesp\u00f3\u0142 wokalny ,,Srebrne Nuty&#8221;serdecznie zapraszaj\u0105 Kole\u017canki i Koleg\u00f3w z UTW na sw\u00f3j wyst\u0119p,, Wiosna &#8211; &hellip;<\/p>\n","protected":false},"author":3,"featured_media":0,"comment_status":"open","ping_status":"open","sticky":true,"template":"","format":"standard","meta":{"footnotes":""},"categories":[1],"tags":[],"_links":{"self":[{"href":"https:\/\/utwstarachowice.pl\/index.php?rest_route=\/wp\/v2\/posts\/1704"}],"collection":[{"href":"https:\/\/utwstarachowice.pl\/index.php?rest_route=\/wp\/v2\/posts"}],"about":[{"href":"https:\/\/utwstarachowice.pl\/index.php?rest_route=\/wp\/v2\/types\/post"}],"author":[{"embeddable":true,"href":"https:\/\/utwstarachowice.pl\/index.php?rest_route=\/wp\/v2\/users\/3"}],"replies":[{"embeddable":true,"href":"https:\/\/utwstarachowice.pl\/index.php?rest_route=%2Fwp%2Fv2%2Fcomments&post=1704"}],"version-history":[{"count":0,"href":"https:\/\/utwstarachowice.pl\/index.php?rest_route=\/wp\/v2\/posts\/1704\/revisions"}],"wp:attachment":[{"href":"https:\/\/utwstarachowice.pl\/index.php?rest_route=%2Fwp%2Fv2%2Fmedia&parent=1704"}],"wp:term":[{"taxonomy":"category","embeddable":true,"href":"https:\/\/utwstarachowice.pl\/index.php?rest_route=%2Fwp%2Fv2%2Fcategories&post=1704"},{"taxonomy":"post_tag","embeddable":true,"href":"https:\/\/utwstarachowice.pl\/index.php?rest_route=%2Fwp%2Fv2%2Ftags&post=1704"}],"curies":[{"name":"wp","href":"https:\/\/api.w.org\/{rel}","templated":true}]}}