{"id":1691,"date":"2023-04-26T18:13:52","date_gmt":"2023-04-26T16:13:52","guid":{"rendered":"https:\/\/utwstarachowice.pl\/2023\/04\/26\/komunikaty-maj-2023\/"},"modified":"2023-04-26T18:13:52","modified_gmt":"2023-04-26T16:13:52","slug":"komunikaty-maj-2023","status":"publish","type":"post","link":"https:\/\/utwstarachowice.pl\/?p=1691","title":{"rendered":"KOMUNIKATY  MAJ  2023"},"content":{"rendered":"<p><strong><span style=\"font-size: large;\">O4.O5 &#8211; czwartek godz.11:30 &#8211; &#8222;Nieznani\u00a0 mieszka\u0144cy las\u00f3w&#8221; -wyklad\u00a0 Krystyny\u00a0 Dutkiewicz.<\/span><\/strong><\/p>\n<p><strong><span style=\"font-size: large;\">08.05 &#8211; poniedzia\u0142ek godz.9:30 &#8211; Strefa\u00a0 odkrywania\u00a0 aktywno\u015bci i wyobra\u017ani SOWA. Zaj\u0119cia\u00a0 w Muzeum Przyrody i Techniki. Zbi\u00f3rka w\u00a0 MPi T przed wej\u015bciem od ul. Pi\u0142sudskiego.<\/span><\/strong><\/p>\n<p><strong><span style=\"font-size: large;\">09.05 &#8211; wtorek godz.12:00 Literatura. Nowe spojrzenie na poezj\u0119 W\u0142adyslawa\u00a0 Broniewskiego &#8211; wyk\u0142ad Doroty Kie\u0142ek.;<\/span><\/strong><\/p>\n<p><strong><span style=\"font-size: large;\">11.05 &#8211; czwartek godz.11:30 &#8211; &#8222;Bogaty kraj\u00a0 Afryki RPA &#8211; wyk\u0142ad E\u0142\u017cbiety Durlej.<\/span><\/strong><\/p>\n<p><strong><span style=\"font-size: large;\">11.05 &#8211; czwartek godz.15:00\u00a0 &#8211; Przedstawienie\u00a0 s\u0142owno muzyczne sekcji teatralnej pt&#8221;Wiosna &#8211; to\u00a0 dobra\u00a0 pora\u00a0 dla Seniora&#8221;. Spotkanie\u00a0 w Szkole nr11(sala gimnastyczna).<\/span><\/strong><\/p>\n<p><strong><span style=\"font-size: large;\">12.05 &#8211; pi\u0105tek godz. 10:00 &#8211; Z\u0142az turystyczny&#8221;S\u0142uchacze UTW i przyjaciele na \u015bcie\u017ckach\u00a0 turystycznych&#8221;.<\/span><\/strong><\/p>\n<p><strong><span style=\"font-size: large;\">Trasa I &#8211; zbi\u00f3rka\u00a0 przy samochodzie Star Al. Niepodleglo\u015bci \/ Radomska(Starachowice Dolne)\u00a0 &#8211; prowadzi Maciej Szl\u0119zak.<\/span><\/strong><\/p>\n<p><strong><span style=\"font-size: large;\">Trasa II &#8211; zbi\u00f3rka ul. Kra\u0144cowa &#8211; przystanek autobusowy przy zak\u0142adzie\u00a0 ANIMEX. Prowadzi Tomasz\u00a0 Cygan.<\/span><\/strong><\/p>\n<p><strong><span style=\"font-size: large;\">Trasa III -wyjazd\u00a0 pociagiem PKP do Micha\u0142owa ze Starachowic Zachodnich\u00a0 o godz. 9:27, ze Starachowic\u00a0 Wschodnich o godz.9:28. Prowadzi\u00a0 Ela\u00a0 Durlej . Zako\u0144czenie Z\u0142azu oraz posilek dla\u00a0 uczestnikow o godz.13:00 przy\u00a0 Basenie\u00a0 Miejskim.\u00a0 Zapisy\u00a0 s\u0142uchaczy\u00a0 na poszczeg\u00f3lne trasy\u00a0 w biurze\u00a0 UTW..<\/span><\/strong><\/p>\n<p><strong><span style=\"font-size: large;\">13.05 -sobota godz.16:00\u00a0 &#8211; wyjazd\u00a0 do teatru\u00a0 w Radomiu (przystanek przy Ska\u0142ce) na sztuk\u0119 pt&#8221;Okno na parlament&#8221;.<\/span><\/strong><\/p>\n<p><strong><span style=\"font-size: large;\">15.05 &#8211; poniedzia\u0142ek godz.10:00 &#8211; Spotkanie\u00a0 z przedstawicielkami\u00a0 AMAZONEK &#8211; profilaktyka raka piersi.<\/span><\/strong><\/p>\n<p><strong><span style=\"font-size: large;\">18.05 &#8211; czwartek godz.11:30 &#8211; &#8222;Fascynuj\u0105cy \u015bwiat owad\u00f3w spo\u0142ecznych&#8221; &#8211; wyklad\u00a0 Krystyny\u00a0 Dutkiewicz.<\/span><\/strong><\/p>\n<p><strong><span style=\"font-size: large;\">22.05 &#8211; poniedzia\u0142ek godz10:00 Historia kina &#8211; wyk\u0142ad Agnieszki\u00a0 Lasek. Spotkanie\u00a0 w sali\u00a0 kinowej Parku\u00a0 Kultury(II pi\u0119tro\u00a0 ul. Le\u015bna).<\/span><\/strong><\/p>\n<p><strong><span style=\"font-size: large;\">24.05 &#8211; \u015broda godz.8:30 &#8211; wyjazd do Promnika i Obl\u0119gorka. Realizacja\u00a0 projektu\u00a0 &#8222;Podniesienie\u00a0 \u015bwiadomo\u015bci\u00a0 ekologicznej\u00a0 Polak\u00f3w&#8221;.<\/span><\/strong><\/p>\n<p><strong><span style=\"font-size: large;\">25.05 &#8211; czwartek 11:30 -&#8222;Pa\u0144stwa \u015br\u00f3dziemnomorskie &#8211; raj dla turyst\u00f3w&#8221; &#8211; wyk\u0142ad\u00a0 El\u017cbiety Durlej.<\/span><\/strong><\/p>\n<p><strong><span style=\"font-size: large;\">29.05 &#8211; godz.10:00 &#8211; sala OLIMPIA. Walne zebranie sprawozdawczo- wyborcze.\u00a0<\/span><\/strong><\/p>\n<p>\u00a0<\/p>\n","protected":false},"excerpt":{"rendered":"<p>O4.O5 &#8211; czwartek godz.11:30 &#8211; &#8222;Nieznani\u00a0 mieszka\u0144cy las\u00f3w&#8221; -wyklad\u00a0 Krystyny\u00a0 Dutkiewicz. 08.05 &#8211; poniedzia\u0142ek godz.9:30 &#8211; Strefa\u00a0 odkrywania\u00a0 aktywno\u015bci i &hellip;<\/p>\n","protected":false},"author":3,"featured_media":0,"comment_status":"open","ping_status":"open","sticky":true,"template":"","format":"standard","meta":{"footnotes":""},"categories":[1],"tags":[],"_links":{"self":[{"href":"https:\/\/utwstarachowice.pl\/index.php?rest_route=\/wp\/v2\/posts\/1691"}],"collection":[{"href":"https:\/\/utwstarachowice.pl\/index.php?rest_route=\/wp\/v2\/posts"}],"about":[{"href":"https:\/\/utwstarachowice.pl\/index.php?rest_route=\/wp\/v2\/types\/post"}],"author":[{"embeddable":true,"href":"https:\/\/utwstarachowice.pl\/index.php?rest_route=\/wp\/v2\/users\/3"}],"replies":[{"embeddable":true,"href":"https:\/\/utwstarachowice.pl\/index.php?rest_route=%2Fwp%2Fv2%2Fcomments&post=1691"}],"version-history":[{"count":0,"href":"https:\/\/utwstarachowice.pl\/index.php?rest_route=\/wp\/v2\/posts\/1691\/revisions"}],"wp:attachment":[{"href":"https:\/\/utwstarachowice.pl\/index.php?rest_route=%2Fwp%2Fv2%2Fmedia&parent=1691"}],"wp:term":[{"taxonomy":"category","embeddable":true,"href":"https:\/\/utwstarachowice.pl\/index.php?rest_route=%2Fwp%2Fv2%2Fcategories&post=1691"},{"taxonomy":"post_tag","embeddable":true,"href":"https:\/\/utwstarachowice.pl\/index.php?rest_route=%2Fwp%2Fv2%2Ftags&post=1691"}],"curies":[{"name":"wp","href":"https:\/\/api.w.org\/{rel}","templated":true}]}}