{"id":1679,"date":"2023-04-24T21:16:41","date_gmt":"2023-04-24T19:16:41","guid":{"rendered":"https:\/\/utwstarachowice.pl\/2023\/04\/24\/superspolecznosc-wyklad-plenarny-24-o4\/"},"modified":"2023-04-24T21:16:41","modified_gmt":"2023-04-24T19:16:41","slug":"superspolecznosc-wyklad-plenarny-24-o4","status":"publish","type":"post","link":"https:\/\/utwstarachowice.pl\/?p=1679","title":{"rendered":"SUPERSPO\u0141ECZNO\u015a\u0106 &#8211; WYK\u0141AD  PLENARNY -24.O4"},"content":{"rendered":"<div dir=\"auto\">Dzi\u015b z wyk\u0142adem plenarnym na zaj\u0119cia dla S\u0142uchaczy UTW przyby\u0142a wicedyrektor Muzeum Przyrody i Techniki w Starachowicach p. Wioletta Sobieraj.<\/div>\n<div dir=\"auto\">Temat tego spotkania to ,,Superspo\u0142eczno\u015b\u0107 na podstawie rodziny pszczelej&#8221;. Interesuj\u0105cy temat poprowadzony w bardzo ciekawy spos\u00f3b. Mieli\u015bmy mo\u017cliwo\u015b\u0107 obejrzenia ramki z \u017cyw\u0105 rodzin\u0105 pszczel\u0105. Du\u017co by\u0142o te\u017c wiadomo\u015bci o \u017cyciu pszcz\u00f3\u0142,o r\u00f3\u017cnorodnych miodach i prozdrowotnych ich w\u0142a\u015bciwo\u015bciach.Grupa 38 S\u0142uchaczy z du\u017cym zainteresowaniem wys\u0142ucha\u0142o tego tematu. Dzi\u0119kujemy za tak interesuj\u0105cy wyk\u0142ad i zapraszamy ponownie do nas.<\/div>\n<div dir=\"auto\"><img decoding=\"async\" class=\" size-full wp-image-121\" src=\"https:\/\/utwstarachowice.pl\/wp-content\/uploads\/2016\/11\/IMG20230424100536-scaled.jpg\" border=\"0\" width=\"521\" style=\"display: block; margin-left: auto; margin-right: auto;\" \/><\/div>\n<div dir=\"auto\"><img decoding=\"async\" class=\" size-full wp-image-1677\" src=\"https:\/\/utwstarachowice.pl\/wp-content\/uploads\/2023\/04\/IMG20230424100158-scaled.jpg\" border=\"0\" width=\"521\" style=\"display: block; margin-left: auto; margin-right: auto;\" \/><\/div>\n<div dir=\"auto\"><img decoding=\"async\" class=\" size-full wp-image-1678\" src=\"https:\/\/utwstarachowice.pl\/wp-content\/uploads\/2023\/04\/IMG20230424095939-scaled.jpg\" border=\"0\" width=\"521\" style=\"display: block; margin-left: auto; margin-right: auto;\" \/><\/div>\n","protected":false},"excerpt":{"rendered":"<p>Dzi\u015b z wyk\u0142adem plenarnym na zaj\u0119cia dla S\u0142uchaczy UTW przyby\u0142a wicedyrektor Muzeum Przyrody i Techniki w Starachowicach p. Wioletta Sobieraj. &hellip;<\/p>\n","protected":false},"author":3,"featured_media":121,"comment_status":"open","ping_status":"open","sticky":true,"template":"","format":"standard","meta":{"footnotes":""},"categories":[2],"tags":[],"_links":{"self":[{"href":"https:\/\/utwstarachowice.pl\/index.php?rest_route=\/wp\/v2\/posts\/1679"}],"collection":[{"href":"https:\/\/utwstarachowice.pl\/index.php?rest_route=\/wp\/v2\/posts"}],"about":[{"href":"https:\/\/utwstarachowice.pl\/index.php?rest_route=\/wp\/v2\/types\/post"}],"author":[{"embeddable":true,"href":"https:\/\/utwstarachowice.pl\/index.php?rest_route=\/wp\/v2\/users\/3"}],"replies":[{"embeddable":true,"href":"https:\/\/utwstarachowice.pl\/index.php?rest_route=%2Fwp%2Fv2%2Fcomments&post=1679"}],"version-history":[{"count":0,"href":"https:\/\/utwstarachowice.pl\/index.php?rest_route=\/wp\/v2\/posts\/1679\/revisions"}],"wp:featuredmedia":[{"embeddable":true,"href":"https:\/\/utwstarachowice.pl\/index.php?rest_route=\/"}],"wp:attachment":[{"href":"https:\/\/utwstarachowice.pl\/index.php?rest_route=%2Fwp%2Fv2%2Fmedia&parent=1679"}],"wp:term":[{"taxonomy":"category","embeddable":true,"href":"https:\/\/utwstarachowice.pl\/index.php?rest_route=%2Fwp%2Fv2%2Fcategories&post=1679"},{"taxonomy":"post_tag","embeddable":true,"href":"https:\/\/utwstarachowice.pl\/index.php?rest_route=%2Fwp%2Fv2%2Ftags&post=1679"}],"curies":[{"name":"wp","href":"https:\/\/api.w.org\/{rel}","templated":true}]}}