{"id":1661,"date":"2023-04-17T19:07:46","date_gmt":"2023-04-17T17:07:46","guid":{"rendered":"https:\/\/utwstarachowice.pl\/2023\/04\/17\/wycieczka-do-promnika-k-kielc\/"},"modified":"2023-04-17T19:07:46","modified_gmt":"2023-04-17T17:07:46","slug":"wycieczka-do-promnika-k-kielc","status":"publish","type":"post","link":"https:\/\/utwstarachowice.pl\/?p=1661","title":{"rendered":"WYCIECZKA   DO  PROMNIKA  K\/ KIELC"},"content":{"rendered":"<p><span style=\"color: #008000;\"><strong><span style=\"font-size: large;\">Zarz\u0105d\u00a0 UTW informuje, \u017ce w ramach projektu dotycz\u0105cego\u00a0 ekologii\u00a0 realizuje projekt dofinansowany ze \u015brodk\u00f3w Urz\u0119du Miasta w Starachowicach&#8221;Podniesienie \u015bwiadomo\u015bci ekologicznej mieszka\u0144c\u00f3w Starachowic&#8221;.<\/span><\/strong><\/span><\/p>\n<p><span style=\"color: #008000;\"><strong><span style=\"font-size: large;\">W zwi\u0105zku\u00a0 z powy\u017cszym w dniu 24 maja 2023r organizujemy wyjazd do Przedsi\u0119biorstwa\u00a0 Gospodarki\u00a0 Odpadami\u00a0 w Promniku k\/ Kielc. Autobus odje\u017cd\u017ca o godzinie 8:30 z przystanku\u00a0 autobusowego\u00a0 przy\u00a0 Galerii Ska\u0142ka. W planowanym wyje\u017adzie mo\u017ce\u00a0 wzi\u0105\u0107 udzia\u0142 50 S\u0142uchaczy\u00a0 UTW. Jedyny\u00a0 koszt, kt\u00f3ry ponosi uczestnik to 10 z\u0142otych.Obowi\u0105zuje\u00a0 kolejno\u015b\u0107 zapis\u00f3w w biurze UTW podczas pe\u0142nionych\u00a0 dy\u017cur\u00f3w\u00a0 przez\u00a0 cz\u0142onk\u00f3w\u00a0 Zarz\u0105du.<\/span><\/strong><\/span><\/p>\n<p><span style=\"color: #008000;\"><strong><span style=\"font-size: large;\">Dla\u00a0 uzupe\u0142nienia\u00a0 komunikatu\u00a0 musimy\u00a0 zadba\u0107 o\u00a0 sw\u00f3j\u00a0 \u00a0prowiant podczas\u00a0 tego wyjazdu.<\/span><\/strong><\/span><\/p>\n<p>\u00a0<\/p>\n","protected":false},"excerpt":{"rendered":"<p>Zarz\u0105d\u00a0 UTW informuje, \u017ce w ramach projektu dotycz\u0105cego\u00a0 ekologii\u00a0 realizuje projekt dofinansowany ze \u015brodk\u00f3w Urz\u0119du Miasta w Starachowicach&#8221;Podniesienie \u015bwiadomo\u015bci ekologicznej &hellip;<\/p>\n","protected":false},"author":3,"featured_media":0,"comment_status":"open","ping_status":"open","sticky":true,"template":"","format":"standard","meta":{"footnotes":""},"categories":[1],"tags":[],"_links":{"self":[{"href":"https:\/\/utwstarachowice.pl\/index.php?rest_route=\/wp\/v2\/posts\/1661"}],"collection":[{"href":"https:\/\/utwstarachowice.pl\/index.php?rest_route=\/wp\/v2\/posts"}],"about":[{"href":"https:\/\/utwstarachowice.pl\/index.php?rest_route=\/wp\/v2\/types\/post"}],"author":[{"embeddable":true,"href":"https:\/\/utwstarachowice.pl\/index.php?rest_route=\/wp\/v2\/users\/3"}],"replies":[{"embeddable":true,"href":"https:\/\/utwstarachowice.pl\/index.php?rest_route=%2Fwp%2Fv2%2Fcomments&post=1661"}],"version-history":[{"count":0,"href":"https:\/\/utwstarachowice.pl\/index.php?rest_route=\/wp\/v2\/posts\/1661\/revisions"}],"wp:attachment":[{"href":"https:\/\/utwstarachowice.pl\/index.php?rest_route=%2Fwp%2Fv2%2Fmedia&parent=1661"}],"wp:term":[{"taxonomy":"category","embeddable":true,"href":"https:\/\/utwstarachowice.pl\/index.php?rest_route=%2Fwp%2Fv2%2Fcategories&post=1661"},{"taxonomy":"post_tag","embeddable":true,"href":"https:\/\/utwstarachowice.pl\/index.php?rest_route=%2Fwp%2Fv2%2Ftags&post=1661"}],"curies":[{"name":"wp","href":"https:\/\/api.w.org\/{rel}","templated":true}]}}