{"id":1650,"date":"2023-04-11T13:08:30","date_gmt":"2023-04-11T11:08:30","guid":{"rendered":"https:\/\/utwstarachowice.pl\/2023\/04\/11\/konsultacje-spoleczne-programu-cus\/"},"modified":"2023-04-11T13:08:30","modified_gmt":"2023-04-11T11:08:30","slug":"konsultacje-spoleczne-programu-cus","status":"publish","type":"post","link":"https:\/\/utwstarachowice.pl\/?p=1650","title":{"rendered":"KONSULTACJE  SPO\u0141ECZNE  PROGRAMU  CUS"},"content":{"rendered":"<p><span class=\"v1highlight\" style=\"font-size: large;\"><span class=\"v1colour\"><span class=\"v1font\">Zapraszamy do udzia\u0142u w konsultacjach spo\u0142ecznych dotycz\u0105cych za\u0142o\u017ce\u0144 do Programu Us\u0142ug Spo\u0142ecznych na okres 05-12.2023 r. realizowanego przez Centrum Us\u0142ug Spo\u0142ecznych w Starachowicach.<\/span><\/span><\/span><\/p>\n<p><span class=\"v1highlight\" style=\"font-size: large;\"><span class=\"v1colour\"><span class=\"v1font\"><span class=\"v1size\"><span class=\"v1font\"><span class=\"v1size\"><span class=\"v1colour\">Konsultacje zostan\u0105 przeprowadzone w formie otwartego spotkania informacyjno-konsultacyjnego,kt\u00f3re odb\u0119dzie si\u0119 w dniu\u00a0<\/span><span class=\"v1colour\"><strong>18 kwietnia<\/strong><\/span><span class=\"v1colour\">\u00a0<\/span><span class=\"v1colour\"><strong>w godz.<\/strong><\/span><span class=\"v1colour\">\u00a0<\/span><span class=\"v1colour\"><strong>17:00 &#8211; 18:00<\/strong><\/span><span class=\"v1colour\"><strong>\u00a0<\/strong><\/span><span class=\"v1colour\">w\u00a0<\/span>siedzibie Uniwersytetu Trzeciego Wieku w Starachowicach.<\/span><\/span><\/span><\/span><\/span><\/span><\/p>\n<p><span class=\"v1highlight\" style=\"font-size: large;\"><span class=\"v1colour\"><span class=\"v1font\"><span class=\"v1size\"><span class=\"v1colour\">Celem konsultacji jest zebranie opinii, w\u0142\u0105czenie w prace nad ostateczn\u0105 wersj\u0105 dokumentu mieszka\u0144c\u00f3w Starachowic,w szczeg\u00f3lno\u015bci grup docelowych obj\u0119tych programem us\u0142ug.<\/span><\/span><\/span><\/span><\/span><\/p>\n<div class=\"v1gwpf6eedf81_moz-signature\">\n<div><span style=\"font-size: large;\">Wioletta\u00a0 Grosicka\u00a0<\/span><\/div>\n<div><span style=\"font-size: large;\">p.o. Dyrektora\u00a0<\/span><\/div>\n<div><span style=\"font-size: large;\">tel.41\/275 41 41<\/span><\/div>\n<div><span class=\"v1font\" style=\"font-size: large;\"><span class=\"v1size\"><a href=\"mailto:wioletta.grosicka@cus.starachowice.eu\" rel=\"noreferrer\">\u00a0<\/a><\/span><\/span><\/div>\n<\/div>\n","protected":false},"excerpt":{"rendered":"<p>Zapraszamy do udzia\u0142u w konsultacjach spo\u0142ecznych dotycz\u0105cych za\u0142o\u017ce\u0144 do Programu Us\u0142ug Spo\u0142ecznych na okres 05-12.2023 r. realizowanego przez Centrum Us\u0142ug &hellip;<\/p>\n","protected":false},"author":3,"featured_media":0,"comment_status":"open","ping_status":"open","sticky":true,"template":"","format":"standard","meta":{"footnotes":""},"categories":[2],"tags":[],"_links":{"self":[{"href":"https:\/\/utwstarachowice.pl\/index.php?rest_route=\/wp\/v2\/posts\/1650"}],"collection":[{"href":"https:\/\/utwstarachowice.pl\/index.php?rest_route=\/wp\/v2\/posts"}],"about":[{"href":"https:\/\/utwstarachowice.pl\/index.php?rest_route=\/wp\/v2\/types\/post"}],"author":[{"embeddable":true,"href":"https:\/\/utwstarachowice.pl\/index.php?rest_route=\/wp\/v2\/users\/3"}],"replies":[{"embeddable":true,"href":"https:\/\/utwstarachowice.pl\/index.php?rest_route=%2Fwp%2Fv2%2Fcomments&post=1650"}],"version-history":[{"count":0,"href":"https:\/\/utwstarachowice.pl\/index.php?rest_route=\/wp\/v2\/posts\/1650\/revisions"}],"wp:attachment":[{"href":"https:\/\/utwstarachowice.pl\/index.php?rest_route=%2Fwp%2Fv2%2Fmedia&parent=1650"}],"wp:term":[{"taxonomy":"category","embeddable":true,"href":"https:\/\/utwstarachowice.pl\/index.php?rest_route=%2Fwp%2Fv2%2Fcategories&post=1650"},{"taxonomy":"post_tag","embeddable":true,"href":"https:\/\/utwstarachowice.pl\/index.php?rest_route=%2Fwp%2Fv2%2Ftags&post=1650"}],"curies":[{"name":"wp","href":"https:\/\/api.w.org\/{rel}","templated":true}]}}