{"id":1641,"date":"2023-03-31T16:42:48","date_gmt":"2023-03-31T14:42:48","guid":{"rendered":"https:\/\/utwstarachowice.pl\/2023\/03\/31\/anatomia-struktury\/"},"modified":"2023-03-31T16:42:48","modified_gmt":"2023-03-31T14:42:48","slug":"anatomia-struktury","status":"publish","type":"post","link":"https:\/\/utwstarachowice.pl\/?p=1641","title":{"rendered":"ANATOMIA  STRUKTURY"},"content":{"rendered":"<p class=\"v1MsoNormal\"><span>Muzeum Przyrody i Techniki w Starachowicach serdecznie zaprasza na wernisa\u017c\u00a0<\/span><span>wystawy Katarzyny Gritzmann \u201eAnatomia struktury\u201d ,kt\u00f3ry odb\u0119dzie si\u0119 15 kwietnia 2023 (sobota) godz.16.00 Galeria w Wie\u017cy.<\/span><\/p>\n<p class=\"v1MsoNormal\"><span>\u201cAnatomia struktury\u201d Katarzyny Gritzmann, to wystawa fotografii architektury. Pokazywane prace, wybrane przez autork\u0119, zosta\u0142y wykonane na przestrzeni ostatnich 14 lat. Fotografie powsta\u0142y w Polsce, na Litwie, we W\u0142oszech, w Rumunii i Chorwacji. S\u0105 to i drobne detale jak i og\u00f3lne, przestrzenne\u00a0 struktury.<\/span><\/p>\n<p class=\"v1MsoNormal\"><span>Wiele z pokazywanych prac zosta\u0142o nagrodzonych w konkursach i przegl\u0105dach fotograficznych, zar\u00f3wno og\u00f3lnopolskich jak i mi\u0119dzynarodowych.<\/span><\/p>\n<p class=\"v1MsoNormal\"><span>Zapraszamy na wernisa\u017c. Wst\u0119p wolny.<\/span><\/p>\n<p class=\"v1MsoNormal\"><span>Wi\u0119cej informacji znajdziecie Pa\u0144stwo na naszej stronie https:\/\/ekomuzeum.pl\/wernisaz-wystawy-katarzyny-gritzmann-anatomia-struktury-15-kwietnia-2023r<\/span><\/p>\n<p class=\"v1MsoNormal\"><span>Z wyrazami szacunku<\/span><\/p>\n<p class=\"v1MsoNormal\"><span>Karolina Kalista<\/span><\/p>\n<p class=\"v1MsoNormal\"><span>Muzeum Przyrody i Techniki w Starachowicach<\/span><\/p>\n<p class=\"v1MsoNormal\"><span>ul. Wielkopiecowa 1<\/span><\/p>\n<p class=\"v1MsoNormal\"><span>27-200 Starachowice.<\/span><\/p>\n<p class=\"v1MsoNormal\"><span><img decoding=\"async\" class=\" size-full wp-image-1640\" src=\"https:\/\/utwstarachowice.pl\/wp-content\/uploads\/2023\/03\/anatomia-8.png\" border=\"0\" width=\"521\" style=\"display: block; margin-left: auto; margin-right: auto;\" \/><\/span><\/p>\n","protected":false},"excerpt":{"rendered":"<p>Muzeum Przyrody i Techniki w Starachowicach serdecznie zaprasza na wernisa\u017c\u00a0wystawy Katarzyny Gritzmann \u201eAnatomia struktury\u201d ,kt\u00f3ry odb\u0119dzie si\u0119 15 kwietnia 2023 &hellip;<\/p>\n","protected":false},"author":3,"featured_media":1640,"comment_status":"open","ping_status":"open","sticky":true,"template":"","format":"standard","meta":{"footnotes":""},"categories":[2],"tags":[],"_links":{"self":[{"href":"https:\/\/utwstarachowice.pl\/index.php?rest_route=\/wp\/v2\/posts\/1641"}],"collection":[{"href":"https:\/\/utwstarachowice.pl\/index.php?rest_route=\/wp\/v2\/posts"}],"about":[{"href":"https:\/\/utwstarachowice.pl\/index.php?rest_route=\/wp\/v2\/types\/post"}],"author":[{"embeddable":true,"href":"https:\/\/utwstarachowice.pl\/index.php?rest_route=\/wp\/v2\/users\/3"}],"replies":[{"embeddable":true,"href":"https:\/\/utwstarachowice.pl\/index.php?rest_route=%2Fwp%2Fv2%2Fcomments&post=1641"}],"version-history":[{"count":0,"href":"https:\/\/utwstarachowice.pl\/index.php?rest_route=\/wp\/v2\/posts\/1641\/revisions"}],"wp:featuredmedia":[{"embeddable":true,"href":"https:\/\/utwstarachowice.pl\/index.php?rest_route=\/"}],"wp:attachment":[{"href":"https:\/\/utwstarachowice.pl\/index.php?rest_route=%2Fwp%2Fv2%2Fmedia&parent=1641"}],"wp:term":[{"taxonomy":"category","embeddable":true,"href":"https:\/\/utwstarachowice.pl\/index.php?rest_route=%2Fwp%2Fv2%2Fcategories&post=1641"},{"taxonomy":"post_tag","embeddable":true,"href":"https:\/\/utwstarachowice.pl\/index.php?rest_route=%2Fwp%2Fv2%2Ftags&post=1641"}],"curies":[{"name":"wp","href":"https:\/\/api.w.org\/{rel}","templated":true}]}}