{"id":1631,"date":"2023-03-28T14:10:05","date_gmt":"2023-03-28T12:10:05","guid":{"rendered":"https:\/\/utwstarachowice.pl\/2023\/03\/28\/komunikaty-kwiecien-2023-r\/"},"modified":"2023-03-28T14:10:05","modified_gmt":"2023-03-28T12:10:05","slug":"komunikaty-kwiecien-2023-r","status":"publish","type":"post","link":"https:\/\/utwstarachowice.pl\/?p=1631","title":{"rendered":"KOMUNIKATY  &#8211;  KWIECIE\u0143  2023 R"},"content":{"rendered":"<p align=\"center\">\u00a0<\/p>\n<p><strong><span style=\"font-size: large;\">03.04 &#8211;\u00a0 poniedzia\u0142ek godz.10:00\u00a0 &#8211;\u00a0 Spotkanie z dietetykiem &#8211; Beat\u0105 Tusi\u0144sk\u0105.<\/span><\/strong><\/p>\n<p><span style=\"font-size: x-large;\"><strong>od 06.04 &#8211; 11. 04. Wiosenna przerwa \u015bwi\u0105teczna<\/strong><\/span><\/p>\n<p><strong><span style=\"font-size: large;\">13.04 &#8211;\u00a0 czwartek godz. 11:30 \u2013 \u201eNowy\u00a0 Jork\u00a0 &#8211; mityczny\u00a0 czy kosmopolityczny?&#8221;.\u00a0 Wyk\u0142ad\u00a0 El\u017cbiety Durlej.<\/span><\/strong><\/p>\n<p><strong><span style=\"font-size: large;\">15.04 &#8211; Spacer edukacyjny &#8211; \u015bladami pomnik\u00f3w przyrody\u00a0 pod pomnik\u00a0 Stanis\u0142awa\u00a0 Staszica. Prowadzi El\u017cbieta\u00a0 Durlej.<\/span><\/strong><\/p>\n<p><strong><span style=\"font-size: large;\">\u00a0 \u00a0 \u00a0 \u00a0Zbi\u00f3rka\u00a0 o godz.10:00 na placu\u00a0 pod\u00a0 Szlakowiskiem.<\/span><\/strong><\/p>\n<p><strong><span style=\"font-size: large;\">17.04-poniedzia\u0142ek godz.10:00 &#8211; &#8222;Wypadki drogowe, post\u0119powanie powypadkowe i\u00a0 ubezpieczenia&#8221;. Wyk\u0142ad\u00a0 dr Jerzego\u00a0 Krawca.<\/span><\/strong><\/p>\n<p><strong><span style=\"font-size: large;\">18.04 &#8211; wtorek godz. 8:30. Dobre i z\u0142e s\u0105siedztwo zi\u00f3\u0142 . Wyk\u0142ad\u00a0 Stanis\u0142awa\u00a0 Prokopiuka.<\/span><\/strong><\/p>\n<p><strong><span style=\"font-size: large;\">18.04 &#8211; wtorek godz.12:00 &#8211; Praca jako czynnik tworz\u0105cy i niszcz\u0105cy.<\/span><\/strong><\/p>\n<p><strong><span style=\"font-size: large;\">\u00a0\u00a0\u00a0\u00a0\u00a0\u00a0\u00a0\u00a0\u00a0\u00a0\u00a0\u00a0 Wyk\u0142ad Doroty Kie\u0142ek.<\/span><\/strong><\/p>\n<p><strong><span style=\"font-size: large;\">20.04 -czwartek godz. 11:30-&#8222;Wiosenne koncerty ptak\u00f3w&#8221; &#8211; prezentacja\u00a0 multimedialna. Krystyna\u00a0 Dutkiewicz.<\/span><\/strong><\/p>\n<p><strong><span style=\"font-size: large;\">24.04 &#8211;\u00a0 poniedzia\u0142ek godz.10:00 &#8211;\u00a0 Superspo\u0142eczno\u015b\u0107 c.d. &#8211; Wyk\u0142ad Wioletty\u00a0 Sobieraj.<\/span><\/strong><\/p>\n<p><strong><span style=\"font-size: large;\">25. 04 \u2013 wtorek godz. 8:30 \u2013 wyk\u0142ad \u201eSza\u0142wia \u2013 dzia\u0142anie \u00a0lecznicze\u201d &#8211; Maria Gola<\/span><\/strong><\/p>\n<p><strong><span style=\"font-size: large;\">27.04\u00a0 &#8211;\u00a0\u00a0 czwartek godz. 11:30\u00a0 \u201eCzy Krakatoa zatrzyma czas. Walka o \u017cycie w Japonii&#8221;. Wyk\u0142ad\u00a0 El\u017cbiety\u00a0 Durle<\/span><\/strong><\/p>\n<p><strong><span style=\"font-size: large;\">29. 04. &#8211; Spacer do zak\u0142adu produkuj\u0105cego s\u0142odycze NAT. Zbi\u00f3rka o godz. 10:00 na placu RYNEK.<\/span><\/strong><\/p>\n<p><strong><span style=\"font-size: large;\">\u00a0 \u00a0 \u00a0 \u00a0 \u00a0 \u00a0 \u00a0 \u00a0Prowadzi\u00a0 El\u017cbieta\u00a0 Durlej.<\/span><\/strong><\/p>\n<p><strong><span style=\"font-size: large;\">\u00a0<\/span><\/strong><\/p>\n<p><strong><span style=\"font-size: large;\">\u00a0<\/span><\/strong><\/p>\n","protected":false},"excerpt":{"rendered":"<p>\u00a0 03.04 &#8211;\u00a0 poniedzia\u0142ek godz.10:00\u00a0 &#8211;\u00a0 Spotkanie z dietetykiem &#8211; Beat\u0105 Tusi\u0144sk\u0105. od 06.04 &#8211; 11. 04. Wiosenna przerwa \u015bwi\u0105teczna &hellip;<\/p>\n","protected":false},"author":3,"featured_media":0,"comment_status":"open","ping_status":"open","sticky":true,"template":"","format":"standard","meta":{"footnotes":""},"categories":[1],"tags":[],"_links":{"self":[{"href":"https:\/\/utwstarachowice.pl\/index.php?rest_route=\/wp\/v2\/posts\/1631"}],"collection":[{"href":"https:\/\/utwstarachowice.pl\/index.php?rest_route=\/wp\/v2\/posts"}],"about":[{"href":"https:\/\/utwstarachowice.pl\/index.php?rest_route=\/wp\/v2\/types\/post"}],"author":[{"embeddable":true,"href":"https:\/\/utwstarachowice.pl\/index.php?rest_route=\/wp\/v2\/users\/3"}],"replies":[{"embeddable":true,"href":"https:\/\/utwstarachowice.pl\/index.php?rest_route=%2Fwp%2Fv2%2Fcomments&post=1631"}],"version-history":[{"count":0,"href":"https:\/\/utwstarachowice.pl\/index.php?rest_route=\/wp\/v2\/posts\/1631\/revisions"}],"wp:attachment":[{"href":"https:\/\/utwstarachowice.pl\/index.php?rest_route=%2Fwp%2Fv2%2Fmedia&parent=1631"}],"wp:term":[{"taxonomy":"category","embeddable":true,"href":"https:\/\/utwstarachowice.pl\/index.php?rest_route=%2Fwp%2Fv2%2Fcategories&post=1631"},{"taxonomy":"post_tag","embeddable":true,"href":"https:\/\/utwstarachowice.pl\/index.php?rest_route=%2Fwp%2Fv2%2Ftags&post=1631"}],"curies":[{"name":"wp","href":"https:\/\/api.w.org\/{rel}","templated":true}]}}