{"id":1627,"date":"2023-03-28T11:31:58","date_gmt":"2023-03-28T09:31:58","guid":{"rendered":"https:\/\/utwstarachowice.pl\/2023\/03\/28\/spotkanie-z-mlodziezowa-rada-miasta\/"},"modified":"2023-03-28T11:31:58","modified_gmt":"2023-03-28T09:31:58","slug":"spotkanie-z-mlodziezowa-rada-miasta","status":"publish","type":"post","link":"https:\/\/utwstarachowice.pl\/?p=1627","title":{"rendered":"SPOTKANIE  Z  M\u0141ODZIE\u017bOWA  RAD\u0104  MIASTA"},"content":{"rendered":"<p><span>W dniu 25 marca 2023r w siedzibie UTW w Starachowicach odby\u0142o si\u0119 spotkanie przedstawicieli UTW &#8211; cz\u0142onk\u00f3w Zarz\u0105du i Samorz\u0105du Studenckiego z cz\u0142onkami M\u0142odzie\u017cowej Rady Miasta w Starachowicach. Spotkanie mia\u0142o na celu podj\u0119cia dzia\u0142a\u0144 ukierunkowanych na rozwijanie wi\u0119zi i solidarno\u015bci mi\u0119dzypokoleniowej. W trakcie tych dzia\u0142a\u0144 nast\u0105pi\u0105 interakcje pomi\u0119dzy przedstawicielami r\u00f3\u017cnych pokole\u0144, wymieniaj\u0105cych si\u0119 wiedz\u0105, informacj\u0105, sposobami rozwi\u0105zywania problem\u00f3w, <\/span><span>do\u015bwiadczeniami i umiej\u0119tno\u015bciami. Spodziewanym rezultatem po\u015brednim tych dzia\u0142a\u0144 jest wi\u0119ksze zrozumienie i szacunek pokole\u0144 wzgl\u0119dem siebie,co w efekcie b\u0119dzie skutkowa\u0142o wzrostem spoisto\u015bci spo\u0142ecznej.W ostatniej cz\u0119\u015bci spotkania uczestniczy\u0142 p. Krzysztof Knapik z fundacji,,Nasze Zdrowie&#8221; dzia\u0142aj\u0105cej na rzecz os\u00f3b niepe\u0142nosprawnych. W swoim wyst\u0105pieniu opowiada\u0142 o dzia\u0142aniach fundacji. Spotkanie przebieg\u0142o w przyjemnej atmosferze. Go\u015bcie odwiedzili pracowni\u0119 sekcji artystycznej &#8222;Niespokojne R\u0119ce&#8221;i Ogr\u00f3d Spo\u0142eczno\u015bciowy.<\/span><\/p>\n<p><span><img decoding=\"async\" class=\" size-full wp-image-1625\" src=\"https:\/\/utwstarachowice.pl\/wp-content\/uploads\/2023\/03\/received_942759007073720.jpg\" border=\"0\" width=\"521\" style=\"display: block; margin-left: auto; margin-right: auto;\" \/><\/span><\/p>\n<p><img decoding=\"async\" class=\" size-full wp-image-1626\" src=\"https:\/\/utwstarachowice.pl\/wp-content\/uploads\/2023\/03\/received_946976779768522.jpg\" border=\"0\" width=\"521\" style=\"display: block; margin-left: auto; margin-right: auto;\" \/><\/p>\n<p>\u00a0<\/p>\n<p><img decoding=\"async\" class=\" size-full wp-image-153\" src=\"https:\/\/utwstarachowice.pl\/wp-content\/uploads\/2016\/11\/received_177756227974366.jpg\" border=\"0\" width=\"521\" style=\"display: block; margin-left: auto; margin-right: auto;\" \/><\/p>\n<p><img decoding=\"async\" class=\" size-full wp-image-155\" src=\"https:\/\/utwstarachowice.pl\/wp-content\/uploads\/2016\/11\/received_756595815878444.jpg\" border=\"0\" width=\"521\" style=\"display: block; margin-left: auto; margin-right: auto;\" \/><\/p>\n","protected":false},"excerpt":{"rendered":"<p>W dniu 25 marca 2023r w siedzibie UTW w Starachowicach odby\u0142o si\u0119 spotkanie przedstawicieli UTW &#8211; cz\u0142onk\u00f3w Zarz\u0105du i Samorz\u0105du &hellip;<\/p>\n","protected":false},"author":3,"featured_media":1625,"comment_status":"open","ping_status":"open","sticky":true,"template":"","format":"standard","meta":{"footnotes":""},"categories":[2],"tags":[],"_links":{"self":[{"href":"https:\/\/utwstarachowice.pl\/index.php?rest_route=\/wp\/v2\/posts\/1627"}],"collection":[{"href":"https:\/\/utwstarachowice.pl\/index.php?rest_route=\/wp\/v2\/posts"}],"about":[{"href":"https:\/\/utwstarachowice.pl\/index.php?rest_route=\/wp\/v2\/types\/post"}],"author":[{"embeddable":true,"href":"https:\/\/utwstarachowice.pl\/index.php?rest_route=\/wp\/v2\/users\/3"}],"replies":[{"embeddable":true,"href":"https:\/\/utwstarachowice.pl\/index.php?rest_route=%2Fwp%2Fv2%2Fcomments&post=1627"}],"version-history":[{"count":0,"href":"https:\/\/utwstarachowice.pl\/index.php?rest_route=\/wp\/v2\/posts\/1627\/revisions"}],"wp:featuredmedia":[{"embeddable":true,"href":"https:\/\/utwstarachowice.pl\/index.php?rest_route=\/"}],"wp:attachment":[{"href":"https:\/\/utwstarachowice.pl\/index.php?rest_route=%2Fwp%2Fv2%2Fmedia&parent=1627"}],"wp:term":[{"taxonomy":"category","embeddable":true,"href":"https:\/\/utwstarachowice.pl\/index.php?rest_route=%2Fwp%2Fv2%2Fcategories&post=1627"},{"taxonomy":"post_tag","embeddable":true,"href":"https:\/\/utwstarachowice.pl\/index.php?rest_route=%2Fwp%2Fv2%2Ftags&post=1627"}],"curies":[{"name":"wp","href":"https:\/\/api.w.org\/{rel}","templated":true}]}}