{"id":1618,"date":"2023-03-22T19:26:09","date_gmt":"2023-03-22T18:26:09","guid":{"rendered":"https:\/\/utwstarachowice.pl\/2023\/03\/22\/ii-rocznica-smierci\/"},"modified":"2023-03-22T19:26:09","modified_gmt":"2023-03-22T18:26:09","slug":"ii-rocznica-smierci","status":"publish","type":"post","link":"https:\/\/utwstarachowice.pl\/?p=1618","title":{"rendered":"II  ROCZNICA  \u015aMIERCI"},"content":{"rendered":"<p><span style=\"font-size: large;\">02.04.23r.tj w niedziel\u0119 jest II rocznica \u015bmierci naszej Kole\u017canki Zosi Wi\u015bniewskiej. W tej intencji odb\u0119dzie si\u0119 msza \u015bwi\u0119ta w ko\u015bciele w W\u0105chocku o godzinie 12-ej a po mszy b\u0119dzie uroczysto\u015b\u0107 po\u015bwi\u0119cenia pomnika na miejscowym cmentarzu.<\/span><\/p>\n","protected":false},"excerpt":{"rendered":"<p>02.04.23r.tj w niedziel\u0119 jest II rocznica \u015bmierci naszej Kole\u017canki Zosi Wi\u015bniewskiej. W tej intencji odb\u0119dzie si\u0119 msza \u015bwi\u0119ta w ko\u015bciele &hellip;<\/p>\n","protected":false},"author":3,"featured_media":0,"comment_status":"open","ping_status":"open","sticky":true,"template":"","format":"standard","meta":{"footnotes":""},"categories":[1],"tags":[],"_links":{"self":[{"href":"https:\/\/utwstarachowice.pl\/index.php?rest_route=\/wp\/v2\/posts\/1618"}],"collection":[{"href":"https:\/\/utwstarachowice.pl\/index.php?rest_route=\/wp\/v2\/posts"}],"about":[{"href":"https:\/\/utwstarachowice.pl\/index.php?rest_route=\/wp\/v2\/types\/post"}],"author":[{"embeddable":true,"href":"https:\/\/utwstarachowice.pl\/index.php?rest_route=\/wp\/v2\/users\/3"}],"replies":[{"embeddable":true,"href":"https:\/\/utwstarachowice.pl\/index.php?rest_route=%2Fwp%2Fv2%2Fcomments&post=1618"}],"version-history":[{"count":0,"href":"https:\/\/utwstarachowice.pl\/index.php?rest_route=\/wp\/v2\/posts\/1618\/revisions"}],"wp:attachment":[{"href":"https:\/\/utwstarachowice.pl\/index.php?rest_route=%2Fwp%2Fv2%2Fmedia&parent=1618"}],"wp:term":[{"taxonomy":"category","embeddable":true,"href":"https:\/\/utwstarachowice.pl\/index.php?rest_route=%2Fwp%2Fv2%2Fcategories&post=1618"},{"taxonomy":"post_tag","embeddable":true,"href":"https:\/\/utwstarachowice.pl\/index.php?rest_route=%2Fwp%2Fv2%2Ftags&post=1618"}],"curies":[{"name":"wp","href":"https:\/\/api.w.org\/{rel}","templated":true}]}}