{"id":1605,"date":"2023-03-15T08:38:50","date_gmt":"2023-03-15T07:38:50","guid":{"rendered":"https:\/\/utwstarachowice.pl\/2023\/03\/15\/wernisaz-grafiki-adama-cieslika\/"},"modified":"2023-03-15T08:38:50","modified_gmt":"2023-03-15T07:38:50","slug":"wernisaz-grafiki-adama-cieslika","status":"publish","type":"post","link":"https:\/\/utwstarachowice.pl\/?p=1605","title":{"rendered":"WERNISA\u017b  GRAFIKI  ADAMA  CIE\u015aLIKA"},"content":{"rendered":"<p><span>Dzi\u015b by\u0142o wspania\u0142e popo\u0142udnie, uczestniczyli\u015bmy w wernisa\u017cu wystawy grafiki i poezji Adama Cie\u015blika. Mo\u017cna by\u0142o podziwia\u0107 talent graficzny naszego Kolegi. Adam zajmuje si\u0119 pisaniem wierszy i Kole\u017canki z UTW zorganizowa\u0142y te\u017c wiecz\u00f3r poezji. Kole\u017canka Zosia Lasek przedstawi\u0142a recenzj\u0119 jego tw\u00f3rczo\u015bci poetyckiej. By\u0142y te\u017c czytane wybrane wiersze z jego tomiku. By\u0142o\u00a0 bardzo mi\u0142o i sympatycznie przy kawie , herbacie i s\u0142odko\u015bciach. By\u0142 to wiecz\u00f3r mi\u0142ych\u00a0 wspomnie\u0144. Za zorganizowanie tego wernisa\u017cu w OLIMPII\u00a0 UM\u00a0 nale\u017c\u0105\u00a0 si\u0119 szczeg\u00f3lne\u00a0 podzi\u0119kowania\u00a0 dla wiceprezydenta UM\u00a0 Marcina\u00a0 Go\u0142\u0119biowskiego jak i\u00a0 sekretarz UM Ma\u0142gorzacie Zatorskiej.<\/span><\/p>\n<p>\u00a0<\/p>\n<p><img decoding=\"async\" class=\" size-full wp-image-164\" src=\"https:\/\/utwstarachowice.pl\/wp-content\/uploads\/2016\/11\/image-6.jpg\" border=\"0\" width=\"512\" style=\"display: block; margin-left: auto; margin-right: auto;\" \/><\/p>\n<p><img decoding=\"async\" class=\" size-full wp-image-167\" src=\"https:\/\/utwstarachowice.pl\/wp-content\/uploads\/2016\/11\/IMG20230314161350-scaled.jpg\" border=\"0\" width=\"512\" style=\"display: block; margin-left: auto; margin-right: auto;\" \/><\/p>\n<p><img decoding=\"async\" class=\" size-full wp-image-168\" src=\"https:\/\/utwstarachowice.pl\/wp-content\/uploads\/2016\/11\/IMG20230314162927-scaled.jpg\" border=\"0\" width=\"512\" style=\"display: block; margin-left: auto; margin-right: auto;\" \/><\/p>\n<p>\u00a0<\/p>\n<p><img decoding=\"async\" class=\" size-full wp-image-169\" src=\"https:\/\/utwstarachowice.pl\/wp-content\/uploads\/2016\/11\/IMG20230314162438-scaled.jpg\" border=\"0\" width=\"512\" style=\"display: block; margin-left: auto; margin-right: auto;\" \/><\/p>\n<p><img decoding=\"async\" class=\" size-full wp-image-1604\" src=\"https:\/\/utwstarachowice.pl\/wp-content\/uploads\/2023\/03\/image-9.jpg\" border=\"0\" width=\"512\" style=\"display: block; margin-left: auto; margin-right: auto;\" \/><\/p>\n","protected":false},"excerpt":{"rendered":"<p>Dzi\u015b by\u0142o wspania\u0142e popo\u0142udnie, uczestniczyli\u015bmy w wernisa\u017cu wystawy grafiki i poezji Adama Cie\u015blika. Mo\u017cna by\u0142o podziwia\u0107 talent graficzny naszego Kolegi. &hellip;<\/p>\n","protected":false},"author":3,"featured_media":164,"comment_status":"open","ping_status":"open","sticky":true,"template":"","format":"standard","meta":{"footnotes":""},"categories":[2],"tags":[],"_links":{"self":[{"href":"https:\/\/utwstarachowice.pl\/index.php?rest_route=\/wp\/v2\/posts\/1605"}],"collection":[{"href":"https:\/\/utwstarachowice.pl\/index.php?rest_route=\/wp\/v2\/posts"}],"about":[{"href":"https:\/\/utwstarachowice.pl\/index.php?rest_route=\/wp\/v2\/types\/post"}],"author":[{"embeddable":true,"href":"https:\/\/utwstarachowice.pl\/index.php?rest_route=\/wp\/v2\/users\/3"}],"replies":[{"embeddable":true,"href":"https:\/\/utwstarachowice.pl\/index.php?rest_route=%2Fwp%2Fv2%2Fcomments&post=1605"}],"version-history":[{"count":0,"href":"https:\/\/utwstarachowice.pl\/index.php?rest_route=\/wp\/v2\/posts\/1605\/revisions"}],"wp:featuredmedia":[{"embeddable":true,"href":"https:\/\/utwstarachowice.pl\/index.php?rest_route=\/"}],"wp:attachment":[{"href":"https:\/\/utwstarachowice.pl\/index.php?rest_route=%2Fwp%2Fv2%2Fmedia&parent=1605"}],"wp:term":[{"taxonomy":"category","embeddable":true,"href":"https:\/\/utwstarachowice.pl\/index.php?rest_route=%2Fwp%2Fv2%2Fcategories&post=1605"},{"taxonomy":"post_tag","embeddable":true,"href":"https:\/\/utwstarachowice.pl\/index.php?rest_route=%2Fwp%2Fv2%2Ftags&post=1605"}],"curies":[{"name":"wp","href":"https:\/\/api.w.org\/{rel}","templated":true}]}}