{"id":1595,"date":"2023-03-09T17:32:06","date_gmt":"2023-03-09T16:32:06","guid":{"rendered":"https:\/\/utwstarachowice.pl\/2023\/03\/09\/zdrowa-i-piekna\/"},"modified":"2023-03-09T17:32:06","modified_gmt":"2023-03-09T16:32:06","slug":"zdrowa-i-piekna","status":"publish","type":"post","link":"https:\/\/utwstarachowice.pl\/?p=1595","title":{"rendered":"&#8222;ZDROWA  I  PI\u0118KNA&#8221;"},"content":{"rendered":"<p>\u00a0<\/p>\n<p>HASLO, KT\u00d3RE PRZY\u015aWIECA\u0141O\u00a0 OBCHODOM\u00a0 \u015aWI\u0118TA\u00a0 KOBIET\u00a0 ZORGANIZOWANYM PRZEZ PREZYDENTA MIASTA\u00a0 MARKA\u00a0 MATERKA\u00a0 I PARK KULTURY.<\/p>\n<p><img decoding=\"async\" class=\" size-full wp-image-1593\" src=\"https:\/\/utwstarachowice.pl\/wp-content\/uploads\/2023\/03\/received_168858105948179.jpg\" border=\"0\" width=\"512\" style=\"display: block; margin-left: auto; margin-right: auto;\" \/><img decoding=\"async\" class=\" size-full wp-image-181\" src=\"https:\/\/utwstarachowice.pl\/wp-content\/uploads\/2016\/11\/received_879355143131148.jpg\" border=\"0\" width=\"512\" style=\"display: block; margin-left: auto; margin-right: auto;\" \/><\/p>\n<p><img decoding=\"async\" class=\" size-full wp-image-184\" src=\"https:\/\/utwstarachowice.pl\/wp-content\/uploads\/2016\/11\/FB_IMG_1678299146895.jpg\" border=\"0\" width=\"512\" style=\"display: block; margin-left: auto; margin-right: auto;\" \/><img decoding=\"async\" class=\" size-full wp-image-186\" src=\"https:\/\/utwstarachowice.pl\/wp-content\/uploads\/2016\/11\/FB_IMG_1678375454068.jpg\" border=\"0\" width=\"512\" style=\"display: block; margin-left: auto; margin-right: auto;\" \/><\/p>\n<p><img decoding=\"async\" class=\" size-full wp-image-1594\" src=\"https:\/\/utwstarachowice.pl\/wp-content\/uploads\/2023\/03\/received_951524082512505.jpg\" border=\"0\" width=\"512\" style=\"display: block; margin-left: auto; margin-right: auto;\" \/><\/p>\n","protected":false},"excerpt":{"rendered":"<p>\u00a0 HASLO, KT\u00d3RE PRZY\u015aWIECA\u0141O\u00a0 OBCHODOM\u00a0 \u015aWI\u0118TA\u00a0 KOBIET\u00a0 ZORGANIZOWANYM PRZEZ PREZYDENTA MIASTA\u00a0 MARKA\u00a0 MATERKA\u00a0 I PARK KULTURY.<\/p>\n","protected":false},"author":3,"featured_media":1593,"comment_status":"open","ping_status":"open","sticky":true,"template":"","format":"standard","meta":{"footnotes":""},"categories":[2],"tags":[],"_links":{"self":[{"href":"https:\/\/utwstarachowice.pl\/index.php?rest_route=\/wp\/v2\/posts\/1595"}],"collection":[{"href":"https:\/\/utwstarachowice.pl\/index.php?rest_route=\/wp\/v2\/posts"}],"about":[{"href":"https:\/\/utwstarachowice.pl\/index.php?rest_route=\/wp\/v2\/types\/post"}],"author":[{"embeddable":true,"href":"https:\/\/utwstarachowice.pl\/index.php?rest_route=\/wp\/v2\/users\/3"}],"replies":[{"embeddable":true,"href":"https:\/\/utwstarachowice.pl\/index.php?rest_route=%2Fwp%2Fv2%2Fcomments&post=1595"}],"version-history":[{"count":0,"href":"https:\/\/utwstarachowice.pl\/index.php?rest_route=\/wp\/v2\/posts\/1595\/revisions"}],"wp:featuredmedia":[{"embeddable":true,"href":"https:\/\/utwstarachowice.pl\/index.php?rest_route=\/"}],"wp:attachment":[{"href":"https:\/\/utwstarachowice.pl\/index.php?rest_route=%2Fwp%2Fv2%2Fmedia&parent=1595"}],"wp:term":[{"taxonomy":"category","embeddable":true,"href":"https:\/\/utwstarachowice.pl\/index.php?rest_route=%2Fwp%2Fv2%2Fcategories&post=1595"},{"taxonomy":"post_tag","embeddable":true,"href":"https:\/\/utwstarachowice.pl\/index.php?rest_route=%2Fwp%2Fv2%2Ftags&post=1595"}],"curies":[{"name":"wp","href":"https:\/\/api.w.org\/{rel}","templated":true}]}}