{"id":1592,"date":"2023-03-08T09:00:26","date_gmt":"2023-03-08T08:00:26","guid":{"rendered":"https:\/\/utwstarachowice.pl\/2023\/03\/08\/nowy-termin-wernisazu-grafik-adama-cieslika\/"},"modified":"2023-03-08T09:00:26","modified_gmt":"2023-03-08T08:00:26","slug":"nowy-termin-wernisazu-grafik-adama-cieslika","status":"publish","type":"post","link":"https:\/\/utwstarachowice.pl\/?p=1592","title":{"rendered":"NOWY  TERMIN  WERNISA\u017bU  GRAFIK  ADAMA  CIE\u015aLIKA."},"content":{"rendered":"<p>\u00a0<strong><span style=\"font-size: large;\">Z uwagi na pro\u015bb\u0119 Prezydenta Marka Materka zosta\u0142 prze\u0142o\u017cony\u00a0 wernisa\u017c grafik naszego kolegi Adama Cie\u015blika z dnia 10 marca na dzie\u0144 <span style=\"color: #008000;\">14 marca tj wtorek godz.16:00 w OLIMPII .<\/span> Serdecznie zapraszamy.<\/span><\/strong><\/p>\n","protected":false},"excerpt":{"rendered":"<p>\u00a0Z uwagi na pro\u015bb\u0119 Prezydenta Marka Materka zosta\u0142 prze\u0142o\u017cony\u00a0 wernisa\u017c grafik naszego kolegi Adama Cie\u015blika z dnia 10 marca na &hellip;<\/p>\n","protected":false},"author":3,"featured_media":0,"comment_status":"open","ping_status":"open","sticky":true,"template":"","format":"standard","meta":{"footnotes":""},"categories":[1],"tags":[],"_links":{"self":[{"href":"https:\/\/utwstarachowice.pl\/index.php?rest_route=\/wp\/v2\/posts\/1592"}],"collection":[{"href":"https:\/\/utwstarachowice.pl\/index.php?rest_route=\/wp\/v2\/posts"}],"about":[{"href":"https:\/\/utwstarachowice.pl\/index.php?rest_route=\/wp\/v2\/types\/post"}],"author":[{"embeddable":true,"href":"https:\/\/utwstarachowice.pl\/index.php?rest_route=\/wp\/v2\/users\/3"}],"replies":[{"embeddable":true,"href":"https:\/\/utwstarachowice.pl\/index.php?rest_route=%2Fwp%2Fv2%2Fcomments&post=1592"}],"version-history":[{"count":0,"href":"https:\/\/utwstarachowice.pl\/index.php?rest_route=\/wp\/v2\/posts\/1592\/revisions"}],"wp:attachment":[{"href":"https:\/\/utwstarachowice.pl\/index.php?rest_route=%2Fwp%2Fv2%2Fmedia&parent=1592"}],"wp:term":[{"taxonomy":"category","embeddable":true,"href":"https:\/\/utwstarachowice.pl\/index.php?rest_route=%2Fwp%2Fv2%2Fcategories&post=1592"},{"taxonomy":"post_tag","embeddable":true,"href":"https:\/\/utwstarachowice.pl\/index.php?rest_route=%2Fwp%2Fv2%2Ftags&post=1592"}],"curies":[{"name":"wp","href":"https:\/\/api.w.org\/{rel}","templated":true}]}}