{"id":1590,"date":"2023-03-07T11:08:30","date_gmt":"2023-03-07T10:08:30","guid":{"rendered":"https:\/\/utwstarachowice.pl\/2023\/03\/07\/ziemia-kielecka-na-pocztowkach-pttk\/"},"modified":"2023-03-07T11:08:30","modified_gmt":"2023-03-07T10:08:30","slug":"ziemia-kielecka-na-pocztowkach-pttk","status":"publish","type":"post","link":"https:\/\/utwstarachowice.pl\/?p=1590","title":{"rendered":"ZIEMIA  KIELECKA  NA  POCZT\u00d3WKACH  PTTK"},"content":{"rendered":"<p><span style=\"font-size: large; color: #008000;\">Muzeum Przyrody i Techniki w Starachowicach serdecznie zaprasza na spotkanie autorskie Krzysztofa i Marcina Lork\u00f3w, kt\u00f3re odb\u0119dzie si\u0119 17 marca 2023 roku (pi\u0105tek), o godzinie 17.00 w budynku \u201eKino Kot\u0142ownia\u201d.<\/span><\/p>\n<p class=\"v1MsoNormal\"><span>Tematem przewodnim spotkania b\u0119d\u0105 poczt\u00f3wki, jakie zosta\u0142y wydane przez Polskie Towarzystwo Turystyczno-Krajoznawcze,\u00a0 zwi\u0105zane z regionem \u015bwi\u0119tokrzyskim. Zawarte one zosta\u0142y w katalogu pt. \u201eZiemia Kielecka na poczt\u00f3wkach PTTK\u201d. Dzi\u015b poczt\u00f3wka zast\u0119powana jest nowoczesnymi formami komunikacji, ale kiedy\u015b by\u0142 to popularny spos\u00f3b przekazywania informacji, a tak\u017ce zast\u0119powania fotografii w czasach, gdy ma\u0142o kto posiada\u0142 aparat fotograficzny. Widok\u00f3wki z r\u00f3\u017cnych miejsc by\u0142y zbierane jako pami\u0105tka, wspomnienie, a tak\u017ce by\u0142y kolekcjonowane. Po prelekcji, b\u0119dzie mo\u017cna naby\u0107 katalog wydany w 2022 roku przez wydawnictwo \u015awiatowid w Kielcach, \u00a0gdzie na 376 stronach przez pryzmat kartki pocztowej zachowana zosta\u0142a historia dawnej Kielecczyzny.<\/span><\/p>\n<p class=\"v1MsoNormal\"><span>Zapraszamy na spotkanie. Wst\u0119p wolny.<\/span><\/p>\n<p class=\"v1MsoNormal\"><span>Wi\u0119cej informacji znajdziecie Pa\u0144stwo na naszej stronie\u00a0<a href=\"https:\/\/ekomuzeum.pl\/spotkanie-autorskie-krzysztofa-i-marcina-lorkow\/\" target=\"_blank\" rel=\"noreferrer noopener\">https:\/\/ekomuzeum.pl\/spotkanie-autorskie-krzysztofa-i-marcina-lo<\/a>rkow<\/span><\/p>\n<p class=\"v1MsoNormal\"><span>Z wyrazami szacunku<\/span><\/p>\n<p class=\"v1MsoNormal\"><span>Maciej Szl\u0119zak<\/span><\/p>\n","protected":false},"excerpt":{"rendered":"<p>Muzeum Przyrody i Techniki w Starachowicach serdecznie zaprasza na spotkanie autorskie Krzysztofa i Marcina Lork\u00f3w, kt\u00f3re odb\u0119dzie si\u0119 17 marca &hellip;<\/p>\n","protected":false},"author":3,"featured_media":0,"comment_status":"open","ping_status":"open","sticky":true,"template":"","format":"standard","meta":{"footnotes":""},"categories":[1],"tags":[],"_links":{"self":[{"href":"https:\/\/utwstarachowice.pl\/index.php?rest_route=\/wp\/v2\/posts\/1590"}],"collection":[{"href":"https:\/\/utwstarachowice.pl\/index.php?rest_route=\/wp\/v2\/posts"}],"about":[{"href":"https:\/\/utwstarachowice.pl\/index.php?rest_route=\/wp\/v2\/types\/post"}],"author":[{"embeddable":true,"href":"https:\/\/utwstarachowice.pl\/index.php?rest_route=\/wp\/v2\/users\/3"}],"replies":[{"embeddable":true,"href":"https:\/\/utwstarachowice.pl\/index.php?rest_route=%2Fwp%2Fv2%2Fcomments&post=1590"}],"version-history":[{"count":0,"href":"https:\/\/utwstarachowice.pl\/index.php?rest_route=\/wp\/v2\/posts\/1590\/revisions"}],"wp:attachment":[{"href":"https:\/\/utwstarachowice.pl\/index.php?rest_route=%2Fwp%2Fv2%2Fmedia&parent=1590"}],"wp:term":[{"taxonomy":"category","embeddable":true,"href":"https:\/\/utwstarachowice.pl\/index.php?rest_route=%2Fwp%2Fv2%2Fcategories&post=1590"},{"taxonomy":"post_tag","embeddable":true,"href":"https:\/\/utwstarachowice.pl\/index.php?rest_route=%2Fwp%2Fv2%2Ftags&post=1590"}],"curies":[{"name":"wp","href":"https:\/\/api.w.org\/{rel}","templated":true}]}}