{"id":1584,"date":"2023-02-27T17:03:59","date_gmt":"2023-02-27T16:03:59","guid":{"rendered":"https:\/\/utwstarachowice.pl\/2023\/02\/27\/komunikaty-marzec-2023\/"},"modified":"2023-02-27T17:03:59","modified_gmt":"2023-02-27T16:03:59","slug":"komunikaty-marzec-2023","status":"publish","type":"post","link":"https:\/\/utwstarachowice.pl\/?p=1584","title":{"rendered":"KOMUNIKATY  &#8211;  MARZEC  2023"},"content":{"rendered":"<p><span style=\"font-size: large;\">02.03 &#8211; czwartek godz.11:30 &#8211; Najpi\u0119kniejsze motyle las\u00f3w tropikalnych Afryki &#8211; wyk\u0142ad\u00a0 Krystyny\u00a0 Dutkiewicz.<\/span><\/p>\n<p><span style=\"font-size: large;\">06.03 &#8211; poniedzia\u0142ek godz. 10:00 &#8211; Legenda STARA &#8211; wyk\u0142ad\u00a0 Dariusza\u00a0 D\u0105browskiego .<\/span><\/p>\n<p><span style=\"font-size: large;\">07.03 &#8211; wtorek godz. 8:30 &#8211; Prace przygotowawcze w ogrodzie\u00a0 &#8211; wyk\u0142ad Jacka Jarosa z Muzeum Przyrody i Techniki.<\/span><\/p>\n<p><span style=\"font-size: large;\">08.03 &#8211; \u015broda godz.15:00 OLIMPIA\u00a0 UM &#8211; Spotkanie z Prezydentem\u00a0 Markiem\u00a0 Materkiem z okazji\u00a0 Dnia Kobiet.<\/span><\/p>\n<p><span style=\"font-size: large;\">09.03 &#8211; czwartek godz.11:30\u00a0 &#8211; Tajemnicza wyspa\u00a0 Nauru &#8211; wyk\u0142ad\u00a0 El\u017cbiety Durlej.<\/span><\/p>\n<p><span style=\"font-size: large;\">14.03 &#8211; pi\u0105tek godz.16:00 -Wernisa\u017c wystawy\u00a0 grafik Adama Cie\u015blika &#8211; sala OLIMPIA &#8211; Urz\u0105d Miasta.<\/span><\/p>\n<p><span style=\"font-size: large;\">13.03 &#8211; poniedzia\u0142ek godz.10:00 &#8211; oferta\u00a0 Centrum\u00a0 Us\u0142ug\u00a0 Spo\u0142ecznych dla Senior\u00f3w &#8211; spotkanie informacyjne z Wiolett\u0105\u00a0 Grosick\u0105.<\/span><\/p>\n<p><span style=\"font-size: large;\">14.03 &#8211; wtorek godz. 8:30 &#8211; AROMATERAPIA &#8211; wyk\u0142ad Stanis\u0142awa Prokopiuka.<\/span><\/p>\n<p><span style=\"font-size: large;\">14.03 &#8211; wtorek godz.12:00 &#8211; Sekcja\u00a0 literacka -&#8222;Kobieta\u00a0 w tradycji\u00a0 i kulturze&#8221;. Wyk\u0142ad\u00a0 Doroty Kie\u0142ek.<\/span><\/p>\n<p><span style=\"font-size: large;\">16.03 &#8211; czwartek godz.11:30\u00a0 &#8211; Porosty jako biologiczne\u00a0 wska\u017aniki czysto\u015bci powietrza. Wyk\u0142ad Krystyny\u00a0 Dutkiewicz.<\/span><\/p>\n<p><span style=\"font-size: large;\">20.03 &#8211; poniedzia\u0142ek godz.10:00 &#8211; Roczne\u00a0 rozliczenie\u00a0 podatku, ulgi dala Senior\u00f3w. Spotkanie z kierownikiem Urz\u0119du\u00a0 Skarbowego Karolem\u00a0 \u0141opuszy\u0144skim.<\/span><\/p>\n<p><span style=\"font-size: large;\">21.03 &#8211; wtorek godz.8:30 &#8211; W\u0142a\u015bciwo\u015bci\u00a0 zdrowotne\u00a0 bazylii &#8211; wyk\u0142ad\u00a0 Jerzego\u00a0 Krawczyka.<\/span><\/p>\n<p><span style=\"font-size: large;\">21.03 &#8211; wtorek godz.12:00 -Literatura &#8211; &#8222;Nasi wielcy, znani &#8211; bez makija\u017cu , ale prawdziwi i ludzcy&#8221;. Wyk\u0142ad Bogumi\u0142y Skrobisz.<\/span><\/p>\n<p><span style=\"font-size: large;\">27.03 &#8211; poniedzia\u0142ek godz.10:00 &#8211; Zio\u0142a w domowej aptece dla zdrowia i urody. Wyk\u0142ad Moniki Dygas.<\/span><\/p>\n<p><span style=\"font-size: large;\">28.03 &#8211; wtorek godz.8:30 &#8211; wyk\u0142ad Krystyny\u00a0 Dutkiewicz&#8221; Sposoby\u00a0 zapylania ro\u015blin przez inne owady&#8221;.<\/span><\/p>\n<p><span style=\"font-size: large;\">30.03 &#8211; czwartek godz. 11:30 -&#8221; Krzemienie polskie diamenty&#8221; wyk\u0142ad Justyny Sadzy (z Muzeum Przyrody i Techniki) sala33.<\/span><\/p>\n<p><span style=\"font-size: large;\">\u00a0<\/span><\/p>\n","protected":false},"excerpt":{"rendered":"<p>02.03 &#8211; czwartek godz.11:30 &#8211; Najpi\u0119kniejsze motyle las\u00f3w tropikalnych Afryki &#8211; wyk\u0142ad\u00a0 Krystyny\u00a0 Dutkiewicz. 06.03 &#8211; poniedzia\u0142ek godz. 10:00 &#8211; &hellip;<\/p>\n","protected":false},"author":3,"featured_media":0,"comment_status":"open","ping_status":"open","sticky":true,"template":"","format":"standard","meta":{"footnotes":""},"categories":[1],"tags":[],"_links":{"self":[{"href":"https:\/\/utwstarachowice.pl\/index.php?rest_route=\/wp\/v2\/posts\/1584"}],"collection":[{"href":"https:\/\/utwstarachowice.pl\/index.php?rest_route=\/wp\/v2\/posts"}],"about":[{"href":"https:\/\/utwstarachowice.pl\/index.php?rest_route=\/wp\/v2\/types\/post"}],"author":[{"embeddable":true,"href":"https:\/\/utwstarachowice.pl\/index.php?rest_route=\/wp\/v2\/users\/3"}],"replies":[{"embeddable":true,"href":"https:\/\/utwstarachowice.pl\/index.php?rest_route=%2Fwp%2Fv2%2Fcomments&post=1584"}],"version-history":[{"count":0,"href":"https:\/\/utwstarachowice.pl\/index.php?rest_route=\/wp\/v2\/posts\/1584\/revisions"}],"wp:attachment":[{"href":"https:\/\/utwstarachowice.pl\/index.php?rest_route=%2Fwp%2Fv2%2Fmedia&parent=1584"}],"wp:term":[{"taxonomy":"category","embeddable":true,"href":"https:\/\/utwstarachowice.pl\/index.php?rest_route=%2Fwp%2Fv2%2Fcategories&post=1584"},{"taxonomy":"post_tag","embeddable":true,"href":"https:\/\/utwstarachowice.pl\/index.php?rest_route=%2Fwp%2Fv2%2Ftags&post=1584"}],"curies":[{"name":"wp","href":"https:\/\/api.w.org\/{rel}","templated":true}]}}