{"id":1560,"date":"2023-02-09T21:37:52","date_gmt":"2023-02-09T20:37:52","guid":{"rendered":"https:\/\/utwstarachowice.pl\/2023\/02\/09\/tygodniowy-rozklad-zajec-w-utw-od-13-02-2023-ii-semestr\/"},"modified":"2023-02-09T21:37:52","modified_gmt":"2023-02-09T20:37:52","slug":"tygodniowy-rozklad-zajec-w-utw-od-13-02-2023-ii-semestr","status":"publish","type":"post","link":"https:\/\/utwstarachowice.pl\/?p=1560","title":{"rendered":"TYGODNIOWY ROZK\u0141AD ZAJ\u0118\u0106 W UTW &#8211; od 13.02.2023 &#8211; II semestr"},"content":{"rendered":"<table style=\"height: 1287px; margin-left: auto; margin-right: auto; width: 546px; background-color: #decede;\" border=\"3\" rules=\"all\" align=\"center\">\n<tbody>\n<tr>\n<td style=\"text-align: center;\">\n<p><strong>Dzie\u0144\u00a0<\/strong><\/p>\n<p><strong>tygodnia<\/strong><\/p>\n<\/td>\n<td style=\"text-align: center;\"><strong>Godzina<\/strong><\/td>\n<td style=\"text-align: center;\"><strong>Nazwa\u00a0 sekcji\u00a0<\/strong><\/td>\n<td style=\"text-align: center;\"><strong>Miejsce<\/strong><\/td>\n<\/tr>\n<tr>\n<td>Poniedzia\u0142ek<\/td>\n<td>\n<p>8:45<\/p>\n<p>10:00<\/p>\n<p>11:30<\/p>\n<p>13:30<\/p>\n<p>16:00<\/p>\n<\/td>\n<td>\n<p>Gimnastyka<\/p>\n<p>Wyk\u0142ad plenarny<\/p>\n<p>Sekcja teatralna<\/p>\n<p>Informatyka<\/p>\n<p>Zesp\u00f3\u0142 wokalny &#8222;Srebrne\u00a0 Nuty&#8221;<\/p>\n<\/td>\n<td>\n<p>Sala gimn.nr.3<\/p>\n<p>sala nr.33<\/p>\n<p>sala nr.32<\/p>\n<p>sala nr.33<\/p>\n<p>sala nr.32<\/p>\n<\/td>\n<\/tr>\n<tr>\n<td>Wtorek<\/td>\n<td>\n<p>8:30<\/p>\n<p>\u00a010:00<\/p>\n<p>11:40<\/p>\n<p>12:00 (2 wt)\u00a0<\/p>\n<\/td>\n<td>\n<p>Sekcja\u00a0 EKO &#8211; OGR\u00d3D<\/p>\n<p>\u00a0Psychologia<\/p>\n<p>Zumba<\/p>\n<p>Sekcja\u00a0 Literacka<span style=\"color: inherit; font-family: inherit; font-size: inherit;\">\u00a0<\/span><\/p>\n<\/td>\n<td>\n<p>sala nr.32 lub ogr\u00f3d<\/p>\n<p>sala nr.33<\/p>\n<p>Sala gimn.nr.3<\/p>\n<p>sala nr.33<span style=\"color: inherit; font-family: inherit; font-size: inherit;\">\u00a0<\/span><\/p>\n<\/td>\n<\/tr>\n<tr>\n<td>\u015aroda<\/td>\n<td>\n<p>9:00<\/p>\n<p>9:30<\/p>\n<p>9:30<\/p>\n<p>10:30<\/p>\n<p>11:15<\/p>\n<\/td>\n<td>\n<p>Joga<\/p>\n<p>Sekcja plastyczno\u00a0 &#8211; techniczna<\/p>\n<p>J\u0119zyk rosyjski<\/p>\n<p>Muzykoterapia<\/p>\n<p>J\u0119zyk niemiecki\u00a0<\/p>\n<\/td>\n<td>\n<p>Sala gimn.nr.3<\/p>\n<p>sala nr.32<\/p>\n<p>sala nr.33<\/p>\n<p>Sala gimn. nr.3<\/p>\n<p>sala nr.33<span style=\"color: inherit; font-family: inherit; font-size: inherit;\">\u00a0<\/span><\/p>\n<\/td>\n<\/tr>\n<tr>\n<td>Czwartek<\/td>\n<td>\n<p>10:00<\/p>\n<p>11:30(1,3 czw)\u00a0<\/p>\n<p>11:30(2,4 czw)<\/p>\n<p>10:30 (3 czw)<\/p>\n<\/td>\n<td>\n<p>J\u0119zyk angielski\u00a0 gr. pocz\u0105tkuj\u0105ca<\/p>\n<p>Sekcja przyrodnicza<\/p>\n<p>Sekcja geograficzno -turystyczna<\/p>\n<p>Sekcja poetycka &#8222;FENIKS&#8217;<span style=\"color: inherit; font-family: inherit; font-size: inherit;\">\u00a0<\/span><\/p>\n<\/td>\n<td>\n<p>sala nr.33<\/p>\n<p>sala nr.33<\/p>\n<p>sala nr.33<\/p>\n<p>MBP ul. Staszica<\/p>\n<\/td>\n<\/tr>\n<tr>\n<td>Pi\u0105tek<\/td>\n<td>\n<p>9:00<\/p>\n<p>11:00<\/p>\n<\/td>\n<td>\n<p>Sekcja\u00a0 taneczno &#8211; wokalna<\/p>\n<p>J\u0119zyk\u00a0 angielski (kontynuacja)<\/p>\n<\/td>\n<td>\n<p>Sala gimn.nr.3<\/p>\n<p>sala nr.33<\/p>\n<\/td>\n<\/tr>\n<tr>\n<td>Sobota\u00a0<\/td>\n<td>10:00<\/td>\n<td>Spacer\u00a0 edukacyjny<\/td>\n<td>\u00a0<\/td>\n<\/tr>\n<\/tbody>\n<\/table>\n<p><span style=\"font-size: large;\">Biuro\u00a0 Zarz\u0105du tel:792 805 590<\/span><\/p>\n<p><span style=\"font-size: large;\">Rozk\u0142ad\u00a0 zaj\u0119\u0107 i komunikaty dla s\u0142uchaczy\u00a0 podawane s\u0105\u00a0 na\u00a0 stronie\u00a0 internetowej: www.utw.starachowice lub s\u0105 do pobrania\u00a0 w biurze w formie papierowej.<\/span><\/p>\n","protected":false},"excerpt":{"rendered":"<p>Dzie\u0144\u00a0 tygodnia Godzina Nazwa\u00a0 sekcji\u00a0 Miejsce Poniedzia\u0142ek 8:45 10:00 11:30 13:30 16:00 Gimnastyka Wyk\u0142ad plenarny Sekcja teatralna Informatyka Zesp\u00f3\u0142 wokalny &hellip;<\/p>\n","protected":false},"author":3,"featured_media":0,"comment_status":"open","ping_status":"open","sticky":true,"template":"","format":"standard","meta":{"footnotes":""},"categories":[2],"tags":[],"_links":{"self":[{"href":"https:\/\/utwstarachowice.pl\/index.php?rest_route=\/wp\/v2\/posts\/1560"}],"collection":[{"href":"https:\/\/utwstarachowice.pl\/index.php?rest_route=\/wp\/v2\/posts"}],"about":[{"href":"https:\/\/utwstarachowice.pl\/index.php?rest_route=\/wp\/v2\/types\/post"}],"author":[{"embeddable":true,"href":"https:\/\/utwstarachowice.pl\/index.php?rest_route=\/wp\/v2\/users\/3"}],"replies":[{"embeddable":true,"href":"https:\/\/utwstarachowice.pl\/index.php?rest_route=%2Fwp%2Fv2%2Fcomments&post=1560"}],"version-history":[{"count":0,"href":"https:\/\/utwstarachowice.pl\/index.php?rest_route=\/wp\/v2\/posts\/1560\/revisions"}],"wp:attachment":[{"href":"https:\/\/utwstarachowice.pl\/index.php?rest_route=%2Fwp%2Fv2%2Fmedia&parent=1560"}],"wp:term":[{"taxonomy":"category","embeddable":true,"href":"https:\/\/utwstarachowice.pl\/index.php?rest_route=%2Fwp%2Fv2%2Fcategories&post=1560"},{"taxonomy":"post_tag","embeddable":true,"href":"https:\/\/utwstarachowice.pl\/index.php?rest_route=%2Fwp%2Fv2%2Ftags&post=1560"}],"curies":[{"name":"wp","href":"https:\/\/api.w.org\/{rel}","templated":true}]}}