{"id":1556,"date":"2023-01-30T18:57:58","date_gmt":"2023-01-30T17:57:58","guid":{"rendered":"https:\/\/utwstarachowice.pl\/2023\/01\/30\/wyklad-plenarny-30-01-23r\/"},"modified":"2023-01-30T18:57:58","modified_gmt":"2023-01-30T17:57:58","slug":"wyklad-plenarny-30-01-23r","status":"publish","type":"post","link":"https:\/\/utwstarachowice.pl\/?p=1556","title":{"rendered":"WYK\u0141AD  PLENARNY  &#8211; 30.01.23r"},"content":{"rendered":"<div dir=\"auto\">Na dzisiejszym wyk\u0142adzie plenarnym uczestniczy\u0142o 39 S\u0142uchaczy UTW. Temat wyk\u0142adu &#8222;Bar partnerskie miasto Starachowic&#8221; prowadzi\u0142 wicestarosta powiatu Dariusz D\u0105browski. Zaznajomi\u0142 nas z sytuacj\u0105 Polak\u00f3w z rejonu barskiego pozostawionych po II rozbiorze Polski. Bar to pi\u0119kne miasto w kt\u00f3rym co drugi mieszkaniec ma polskie korzenie. &#8222;Rozdzieli\u0142a nas \u017celazna r\u0119ka&#8221; &#8211; to s\u0142owa z hymnu ch\u00f3r\u00f3w polonijnych. Nadal mieszkaj\u0105 tam rodacy kultywuj\u0105c nasz\u0105 kultur\u0119, tradycj\u0119, j\u0119zyk i wiar\u0119. Z tym miastem podpisano deklaracj\u0119 o partnerstwie z naszym Starostwem. Nasi arty\u015bci, uczniowie, przedstawiciele w\u0142adz odwiedzali to miasto wielokrotnie podczas dni kultury polskiej w dniu 24 sierpnia. W obecnej sytuacji wojennej otrzymali od mieszka\u0144c\u00f3w naszego\u00a0 Powiatu agregator pr\u0105dotw\u00f3rczy i wyposa\u017con\u0105 karetk\u0119 pogotowia. Wiceprezydent zach\u0119ci\u0142 nas do obejrzenia film\u00f3w o kt\u00f3rych by\u0142a mowa na spotkaniu.<\/div>\n<div dir=\"auto\">Potomkowie Konfederat\u00f3w i Otwarcie Domu Polskiego w Barze.<\/div>\n<div dir=\"auto\">Linki: <span><a class=\"x1i10hfl xjbqb8w x6umtig x1b1mbwd xaqea5y xav7gou x9f619 x1ypdohk xt0psk2 xe8uvvx xdj266r x11i5rnm xat24cr x1mh8g0r xexx8yu x4uap5 x18d9i69 xkhd6sd x16tdsg8 x1hl2dhg xggy1nq x1a2a7pz xt0b8zv x1fey0fg\" href=\"https:\/\/l.facebook.com\/l.php?u=https%3A%2F%2Fwroclaw.tvp.pl%2F29489944%2Fpotomkowie-konfederatow%3Ffbclid%3DIwAR3i4zsNgtX5vap0pBKDQaK8TlpbzEnMOOehsogXJBldhyKM4-xLHxRJAfU&amp;h=AT3Yc6SZHLWeaE_elPI4QCa1R9JbsBW-EpMv3HGQWs59Lv1CDcdIlXyDDs3TIbwlQILYT2w8kFC8Z-iajHqumPdKIuBPn41PpzpiLR5hPu-Svn4ORZ5YFFQP-G3dLYtCoGRB&amp;__tn__=-UK-R&amp;c[0]=AT0VT2v607RVkned2PgYG9pclX7u4r1BQBsimO7NIMV6NdelzQ6dnG8j4Gw9ieA9P3I_JuW0wkvAnuhHg_CqczGthnXenZLpH_yYyzOPsxRpLRIU_FtlINLMaV3gQYgfEA-P5MnDTwnXSdQRVbNw6EpkDBQZvvcfA9H4XFq4s9W3bZADjR3S7_gU-hoKw_RwgM7mCdyFK3Ym\" target=\"_blank\" rel=\"nofollow noopener\">https:\/\/wroclaw.tvp.pl\/29489944\/potomkowie-konfederatow<\/a><\/span><\/div>\n<div class=\"x11i5rnm xat24cr x1mh8g0r x1vvkbs xtlvy1s x126k92a\">\n<div dir=\"auto\"><span><a class=\"x1i10hfl xjbqb8w x6umtig x1b1mbwd xaqea5y xav7gou x9f619 x1ypdohk xt0psk2 xe8uvvx xdj266r x11i5rnm xat24cr x1mh8g0r xexx8yu x4uap5 x18d9i69 xkhd6sd x16tdsg8 x1hl2dhg xggy1nq x1a2a7pz xt0b8zv x1fey0fg\" href=\"https:\/\/l.facebook.com\/l.php?u=https%3A%2F%2Fwww.youtube.com%2Fwatch%3Fv%3DWrKI6NcCrLc%26fbclid%3DIwAR0L523AQqSfMvLm1wTaTCEVMnCDzrZM-HYwXwBu1e8tTZqV3otm52u56K8&amp;h=AT1i2n0LWmX-0IC2_Zr8fUzeVY8pnjxgxPN4emOtLuFtcoyfXSkcimK5biBNfpL4EXc_wfFIXkkS4CaJYaDukJkyWOIZo1ZGIiZzJAD-wJtK5LYzi1izEXmWArggkcgXrrbj&amp;__tn__=-UK-R&amp;c[0]=AT0VT2v607RVkned2PgYG9pclX7u4r1BQBsimO7NIMV6NdelzQ6dnG8j4Gw9ieA9P3I_JuW0wkvAnuhHg_CqczGthnXenZLpH_yYyzOPsxRpLRIU_FtlINLMaV3gQYgfEA-P5MnDTwnXSdQRVbNw6EpkDBQZvvcfA9H4XFq4s9W3bZADjR3S7_gU-hoKw_RwgM7mCdyFK3Ym\" target=\"_blank\" rel=\"nofollow noopener\">https:\/\/www.youtube.com\/watch?v=WrKI6NcCrLc<\/a><\/span><\/div>\n<\/div>\n<div class=\"x11i5rnm xat24cr x1mh8g0r x1vvkbs xtlvy1s x126k92a\">\n<div dir=\"auto\">Dzi\u0119kujemy za tak wspania\u0142y wyk\u0142ad o czym \u015bwiadczy frekwencja uczestnik\u00f3w mimo ju\u017c trwaj\u0105cych ferii zimowych.<\/p>\n<div dir=\"auto\">\u00a0<\/div>\n<\/div>\n<div dir=\"auto\"><img decoding=\"async\" class=\" size-full wp-image-1552\" src=\"https:\/\/utwstarachowice.pl\/wp-content\/uploads\/2023\/01\/received_3431889663751785.jpg\" border=\"0\" width=\"512\" style=\"display: block; margin-left: auto; margin-right: auto;\" \/><\/div>\n<div dir=\"auto\">\u00a0<\/div>\n<div dir=\"auto\"><img decoding=\"async\" class=\" size-full wp-image-1553\" src=\"https:\/\/utwstarachowice.pl\/wp-content\/uploads\/2023\/01\/received_496586285991493.jpg\" border=\"0\" width=\"512\" style=\"display: block; margin-left: auto; margin-right: auto;\" \/><\/div>\n<div dir=\"auto\"><img decoding=\"async\" class=\" size-full wp-image-1554\" src=\"https:\/\/utwstarachowice.pl\/wp-content\/uploads\/2023\/01\/received_3159966137626753.jpg\" border=\"0\" width=\"512\" style=\"display: block; margin-left: auto; margin-right: auto;\" \/><\/div>\n<div dir=\"auto\">\u00a0<\/div>\n<div dir=\"auto\"><img decoding=\"async\" class=\" size-full wp-image-1555\" src=\"https:\/\/utwstarachowice.pl\/wp-content\/uploads\/2023\/01\/received_1185102335778415.jpg\" border=\"0\" width=\"512\" style=\"display: block; margin-left: auto; margin-right: auto;\" \/><\/div>\n<\/div>\n","protected":false},"excerpt":{"rendered":"<p>Na dzisiejszym wyk\u0142adzie plenarnym uczestniczy\u0142o 39 S\u0142uchaczy UTW. Temat wyk\u0142adu &#8222;Bar partnerskie miasto Starachowic&#8221; prowadzi\u0142 wicestarosta powiatu Dariusz D\u0105browski. Zaznajomi\u0142 &hellip;<\/p>\n","protected":false},"author":3,"featured_media":1552,"comment_status":"open","ping_status":"open","sticky":true,"template":"","format":"standard","meta":{"footnotes":""},"categories":[2],"tags":[],"_links":{"self":[{"href":"https:\/\/utwstarachowice.pl\/index.php?rest_route=\/wp\/v2\/posts\/1556"}],"collection":[{"href":"https:\/\/utwstarachowice.pl\/index.php?rest_route=\/wp\/v2\/posts"}],"about":[{"href":"https:\/\/utwstarachowice.pl\/index.php?rest_route=\/wp\/v2\/types\/post"}],"author":[{"embeddable":true,"href":"https:\/\/utwstarachowice.pl\/index.php?rest_route=\/wp\/v2\/users\/3"}],"replies":[{"embeddable":true,"href":"https:\/\/utwstarachowice.pl\/index.php?rest_route=%2Fwp%2Fv2%2Fcomments&post=1556"}],"version-history":[{"count":0,"href":"https:\/\/utwstarachowice.pl\/index.php?rest_route=\/wp\/v2\/posts\/1556\/revisions"}],"wp:featuredmedia":[{"embeddable":true,"href":"https:\/\/utwstarachowice.pl\/index.php?rest_route=\/"}],"wp:attachment":[{"href":"https:\/\/utwstarachowice.pl\/index.php?rest_route=%2Fwp%2Fv2%2Fmedia&parent=1556"}],"wp:term":[{"taxonomy":"category","embeddable":true,"href":"https:\/\/utwstarachowice.pl\/index.php?rest_route=%2Fwp%2Fv2%2Fcategories&post=1556"},{"taxonomy":"post_tag","embeddable":true,"href":"https:\/\/utwstarachowice.pl\/index.php?rest_route=%2Fwp%2Fv2%2Ftags&post=1556"}],"curies":[{"name":"wp","href":"https:\/\/api.w.org\/{rel}","templated":true}]}}