{"id":1547,"date":"2023-01-27T17:42:58","date_gmt":"2023-01-27T16:42:58","guid":{"rendered":"https:\/\/utwstarachowice.pl\/2023\/01\/27\/komunikaty-luty-2023r\/"},"modified":"2023-01-27T17:42:58","modified_gmt":"2023-01-27T16:42:58","slug":"komunikaty-luty-2023r","status":"publish","type":"post","link":"https:\/\/utwstarachowice.pl\/?p=1547","title":{"rendered":"KOMUNIKATY  &#8211; LUTY  2023r."},"content":{"rendered":"<p><span style=\"font-size: large;\">10.02. &#8211; pi\u0105tek godz.15:00 sala 33- Wiecz\u00f3r autorski &#8222;Magda i jej go\u015bcie&#8230;..o mi\u0142o\u015bci&#8221;.<\/span><\/p>\n<p><span style=\"font-size: large;\">13.02. &#8211; poniedzia\u0142ek godz.10:00 &#8211; &#8222;Czas w historii&#8221; &#8211; wyk\u0142ad Paw\u0142a Ko\u0142odziejskiego.<\/span><\/p>\n<p><span style=\"font-size: large;\">14.02. &#8211; wtorek godz.12:00 &#8211; Sekcja literacka &#8211; Mi\u0142o\u015b\u0107 jako motyw inspiruj\u0105cy w tw\u00f3rczo\u015bci Adama\u00a0 Mickiewicza. Wyk\u0142ad\u00a0 Doroty Kie\u0142ek.<\/span><\/p>\n<p><span style=\"font-size: large;\">14.02. &#8211; wtorek godz.16:00 &#8211; 22:00 Sala Olimpia UM &#8211; Zabawa Walentynkowa(koszyczkowa- przynosimy te\u017c swoj\u0105 zastaw\u0119 sto\u0142ow\u0105)<\/span><\/p>\n<p><span style=\"font-size: large;\">16.02 &#8211; czwartek godz.11:30 &#8211; sekcja przyrodnicza. &#8222;Motyle &#8211; uskrzydlone klejnoty natury&#8221;.\u00a0 Wyk\u0142ad Krystyny Dutkiewicz.<\/span><\/p>\n<p><span style=\"font-size: large;\">20.02. &#8211; poniedzia\u0142ek godz.10:00 &#8211; Spotkanie z Dariuszem Abramem &#8211; nowo\u015bci w firmie PKC Starachowice.<\/span><\/p>\n<p><span style=\"font-size: large;\">21.02. &#8211; wtorek godz.9:00 &#8211; sekcja Eko &#8211; Ogr\u00f3d &#8211; Degustacja\u00a0 chleba\u00a0 w\u0142asnego wypieku.\u00a0<\/span><\/p>\n<p><span style=\"font-size: large;\">23.02. &#8211; czwartek godz.11:30 &#8211; sekcja geograficzno &#8211; turystyczna\u00a0 &#8211; &#8222;Tr\u00f3jk\u0105t Bermudzki&#8221; &#8211; wyk\u0142ad\u00a0 El\u017cbiety\u00a0 Durlej.<\/span><\/p>\n<p><span style=\"font-size: large;\">23.02. &#8211; czwartek godz.16:00 &#8211; sala Olimpia UM &#8211; Wernisa\u017c wystawy\u00a0 grafik Adama Cie\u015blika.<\/span><\/p>\n<p><span style=\"font-size: large;\">27.02. &#8211; poniedzia\u0142ek godz.10:00 &#8211; &#8222;Uzbekistan &#8211; centrum i puls wielkiego stepu&#8221;. Wyk\u0142ad Krzysztofa Daniszewskiego.<\/span><\/p>\n<p><span style=\"font-size: large;\">28.02. &#8211; wtorek godz.9:00 -sekcja Eko &#8211; Ogr\u00f3d.&#8221; Allelopatia w ogrodzie&#8221; &#8211; wyk\u0142ad Stanis\u0142awa\u00a0 Prokopiuka.<\/span><\/p>\n<p><span style=\"font-size: large;\">UWAGA! &#8211; Wernisa\u017c wystawy grafik\u00a0 Adama\u00a0 Cie\u015blika\u00a0 zosta\u0142 przeniesiony\u00a0 na dzie\u0144\u00a0 10.03.23.<\/span><\/p>\n<p>\u00a0<\/p>\n<p>\u00a0<\/p>\n<p>\u00a0<\/p>\n<p>\u00a0<\/p>\n","protected":false},"excerpt":{"rendered":"<p>10.02. &#8211; pi\u0105tek godz.15:00 sala 33- Wiecz\u00f3r autorski &#8222;Magda i jej go\u015bcie&#8230;..o mi\u0142o\u015bci&#8221;. 13.02. &#8211; poniedzia\u0142ek godz.10:00 &#8211; &#8222;Czas w &hellip;<\/p>\n","protected":false},"author":3,"featured_media":0,"comment_status":"open","ping_status":"open","sticky":true,"template":"","format":"standard","meta":{"footnotes":""},"categories":[1],"tags":[],"_links":{"self":[{"href":"https:\/\/utwstarachowice.pl\/index.php?rest_route=\/wp\/v2\/posts\/1547"}],"collection":[{"href":"https:\/\/utwstarachowice.pl\/index.php?rest_route=\/wp\/v2\/posts"}],"about":[{"href":"https:\/\/utwstarachowice.pl\/index.php?rest_route=\/wp\/v2\/types\/post"}],"author":[{"embeddable":true,"href":"https:\/\/utwstarachowice.pl\/index.php?rest_route=\/wp\/v2\/users\/3"}],"replies":[{"embeddable":true,"href":"https:\/\/utwstarachowice.pl\/index.php?rest_route=%2Fwp%2Fv2%2Fcomments&post=1547"}],"version-history":[{"count":0,"href":"https:\/\/utwstarachowice.pl\/index.php?rest_route=\/wp\/v2\/posts\/1547\/revisions"}],"wp:attachment":[{"href":"https:\/\/utwstarachowice.pl\/index.php?rest_route=%2Fwp%2Fv2%2Fmedia&parent=1547"}],"wp:term":[{"taxonomy":"category","embeddable":true,"href":"https:\/\/utwstarachowice.pl\/index.php?rest_route=%2Fwp%2Fv2%2Fcategories&post=1547"},{"taxonomy":"post_tag","embeddable":true,"href":"https:\/\/utwstarachowice.pl\/index.php?rest_route=%2Fwp%2Fv2%2Ftags&post=1547"}],"curies":[{"name":"wp","href":"https:\/\/api.w.org\/{rel}","templated":true}]}}