{"id":1542,"date":"2023-01-25T19:56:59","date_gmt":"2023-01-25T18:56:59","guid":{"rendered":"https:\/\/utwstarachowice.pl\/2023\/01\/25\/wladyslaw-wagner-najslynniejszy-starachowicki-zeglarz\/"},"modified":"2023-01-25T19:56:59","modified_gmt":"2023-01-25T18:56:59","slug":"wladyslaw-wagner-najslynniejszy-starachowicki-zeglarz","status":"publish","type":"post","link":"https:\/\/utwstarachowice.pl\/?p=1542","title":{"rendered":"W\u0141ADYS\u0141AW  WAGNER  NAJS\u0141YNNIEJSZY  STARACHOWICKI  \u017bEGLARZ."},"content":{"rendered":"<p><img decoding=\"async\" class=\" size-full wp-image-216\" src=\"https:\/\/utwstarachowice.pl\/wp-content\/uploads\/2016\/11\/received_648202693746921.jpg\" border=\"0\" width=\"521\" style=\"display: block; margin-left: auto; margin-right: auto;\" \/><\/p>\n<p><span>23.01.23 &#8211; wyk\u0142ad plenarny poprowadzi\u0142a wicedyrektor Muzeum Przyrody i Techniki w Starachowicach Wioletta Sobieraj pt,, W\u0142adys\u0142aw Wagner najs\u0142ynniejszy Starachowicki \u017ceglarz&#8221;. Przedstawi\u0142a nam \u017cycie W\u0142adys\u0142awa Wagnera w Starachowicach w latach 1912 &#8211; 1927, w Gdyni w latach 1927-1932. Rejs rozpocz\u0105\u0142 si\u0119 w 1932 roku jesieni\u0105 i trwa\u0142 do lipca 1939 roku. Pierwszy polski \u017ceglarz, kt\u00f3ry op\u0142yn\u0105\u0142 kul\u0119 ziemsk\u0105. Poznali\u015bmy trudno\u015bci jakie napotyka\u0142 przy budowie jacht\u00f3w, przy <\/span><span>kompletowaniu za\u0142ogi i sposoby na pozyskiwanie \u015brodk\u00f3w. W\u0142adys\u0142aw Wagner do Polski nie powr\u00f3ci\u0142, zmar\u0142 na Florydzie w 1992 roku. Dzi\u0119kujemy za wspania\u0142y wyk\u0142ad.<\/span><span><br \/><\/span><\/p>\n<p><span><img decoding=\"async\" class=\" size-full wp-image-1541\" src=\"https:\/\/utwstarachowice.pl\/wp-content\/uploads\/2023\/01\/received_3442554902687038.jpg\" border=\"0\" width=\"512\" style=\"display: block; margin-left: auto; margin-right: auto;\" \/><img decoding=\"async\" class=\" size-full wp-image-218\" src=\"https:\/\/utwstarachowice.pl\/wp-content\/uploads\/2016\/11\/received_912305270184231.jpg\" border=\"0\" width=\"512\" style=\"display: block; margin-left: auto; margin-right: auto;\" \/><\/span><\/p>\n","protected":false},"excerpt":{"rendered":"<p>23.01.23 &#8211; wyk\u0142ad plenarny poprowadzi\u0142a wicedyrektor Muzeum Przyrody i Techniki w Starachowicach Wioletta Sobieraj pt,, W\u0142adys\u0142aw Wagner najs\u0142ynniejszy Starachowicki \u017ceglarz&#8221;. &hellip;<\/p>\n","protected":false},"author":3,"featured_media":216,"comment_status":"open","ping_status":"open","sticky":true,"template":"","format":"standard","meta":{"footnotes":""},"categories":[2],"tags":[],"_links":{"self":[{"href":"https:\/\/utwstarachowice.pl\/index.php?rest_route=\/wp\/v2\/posts\/1542"}],"collection":[{"href":"https:\/\/utwstarachowice.pl\/index.php?rest_route=\/wp\/v2\/posts"}],"about":[{"href":"https:\/\/utwstarachowice.pl\/index.php?rest_route=\/wp\/v2\/types\/post"}],"author":[{"embeddable":true,"href":"https:\/\/utwstarachowice.pl\/index.php?rest_route=\/wp\/v2\/users\/3"}],"replies":[{"embeddable":true,"href":"https:\/\/utwstarachowice.pl\/index.php?rest_route=%2Fwp%2Fv2%2Fcomments&post=1542"}],"version-history":[{"count":0,"href":"https:\/\/utwstarachowice.pl\/index.php?rest_route=\/wp\/v2\/posts\/1542\/revisions"}],"wp:featuredmedia":[{"embeddable":true,"href":"https:\/\/utwstarachowice.pl\/index.php?rest_route=\/"}],"wp:attachment":[{"href":"https:\/\/utwstarachowice.pl\/index.php?rest_route=%2Fwp%2Fv2%2Fmedia&parent=1542"}],"wp:term":[{"taxonomy":"category","embeddable":true,"href":"https:\/\/utwstarachowice.pl\/index.php?rest_route=%2Fwp%2Fv2%2Fcategories&post=1542"},{"taxonomy":"post_tag","embeddable":true,"href":"https:\/\/utwstarachowice.pl\/index.php?rest_route=%2Fwp%2Fv2%2Ftags&post=1542"}],"curies":[{"name":"wp","href":"https:\/\/api.w.org\/{rel}","templated":true}]}}