{"id":1524,"date":"2023-01-16T13:58:40","date_gmt":"2023-01-16T12:58:40","guid":{"rendered":"https:\/\/utwstarachowice.pl\/2023\/01\/16\/koncert-navigare-necesse-est\/"},"modified":"2023-01-16T13:58:40","modified_gmt":"2023-01-16T12:58:40","slug":"koncert-navigare-necesse-est","status":"publish","type":"post","link":"https:\/\/utwstarachowice.pl\/?p=1524","title":{"rendered":"KONCERT &#8221; NAVIGARE  NECESSE  EST&#8221;"},"content":{"rendered":"<div>\n<div>\n<div class=\"v1x11i5rnm v1xat24cr v1x1mh8g0r v1x1vvkbs v1xdj266r v1x126k92a\">\n<div dir=\"auto\">\u00a0<\/div>\n<div dir=\"auto\">Prezydent Miasta Starachowice Marek Materek oraz Park Kultury w Starachowicach serdecznie zapraszaj\u0105 na koncert &#8222;Navigare necesse est&#8221; po\u015bwi\u0119cony wybitnemu\u00a0 starachowiczaninowi, W\u0142adys\u0142awowi Wagnerowi, kt\u00f3ry przesz\u0142o 90 lat temu wyp\u0142yn\u0105\u0142 w rejs dooko\u0142a \u015bwiata na jachcie \u017caglowym. Rada Miejska w Starachowicach postanowi\u0142a upami\u0119tni\u0107 to wydarzenie og\u0142aszaj\u0105c miniony rok 2022 \u201eRokiem W\u0142adys\u0142awa Wagnera\u201d. Na przestrzeni zesz\u0142ego roku odby\u0142o si\u0119 wiele wydarze\u0144 przybli\u017caj\u0105cych zw\u0142aszcza m\u0142odemu pokoleniu posta\u0107 tego niezwyk\u0142ego cz\u0142owieka, koncert kt\u00f3ry odb\u0119dzie si\u0119 22 stycznia (niedziela) o godzinie 18.00 w sali &#8222;Olimpia&#8221; Urz\u0119du Miejskiego (ul. Radomska 45) jest zwie\u0144czeniem i podsumowaniem &#8222;Roku W\u0142adys\u0142awa Wagnera&#8221;.\u00a0<\/div>\n<div dir=\"auto\">\u00a0<\/div>\n<\/div>\n<div class=\"v1x11i5rnm v1xat24cr v1x1mh8g0r v1x1vvkbs v1xtlvy1s v1x126k92a\">\n<div dir=\"auto\"><span class=\"v1x3nfvp2 v1x1j61x8r v1x1fcty0u v1xdj266r v1xhhsvwb v1xat24cr v1xgzva0m v1xxymvpz v1xlup9mm v1x1kky2od\">A wiecz\u00f3r swoim wyst\u0119pem u\u015bwietni\u0105:<\/span><\/div>\n<div dir=\"auto\">\u00a0<\/div>\n<div dir=\"auto\">Kacper Hartung, Maciej Jagie\u0142o, Paulina Jezulin &#8211; Szwedo, Ma\u0142gorzata Kutrowska, Emilia Misztal, Patrycja Suwara, oraz zesp\u00f3\u0142 &#8222;Ch\u0142opcy z Parku&#8221; w sk\u0142adzie: Grzegorz Dziamka, Waldemar Dziura, Piotr Mr\u00f3zek, Krzysztof Stanik.<\/div>\n<\/div>\n<div class=\"v1x11i5rnm v1xat24cr v1x1mh8g0r v1x1vvkbs v1xtlvy1s v1x126k92a\">\n<div dir=\"auto\">\u00a0<\/p>\n<div>\u00a0<\/div>\n<\/div>\n<\/div>\n<div class=\"v1x11i5rnm v1xat24cr v1x1mh8g0r v1x1vvkbs v1xtlvy1s v1x126k92a\">\n<div dir=\"auto\">Serdecznie zapraszamy! Wst\u0119p wolny!!!<\/div>\n<\/div>\n<\/div>\n<div>\u00a0<\/div>\n<div>&#8212;<\/p>\n<div>Park Kultury<\/div>\n<div>ul. Radomska 21<\/div>\n<div>27-200\u00a0 Starachowice<br \/>41\u00a0274\u00a065\u00a025<br \/><a href=\"http:\/\/parkkultury.starachowice.eu\/\" target=\"_blank\" rel=\"noreferrer noopener\">parkkultury.starachowice.eu<\/a><\/div>\n<div><img decoding=\"async\" class=\" size-full wp-image-1523\" src=\"https:\/\/utwstarachowice.pl\/wp-content\/uploads\/2023\/01\/WAGNER-koncert-media.jpg\" border=\"0\" width=\"512\" style=\"display: block; margin-left: auto; margin-right: auto;\" \/><\/div>\n<\/div>\n<\/div>\n<div>\u00a0<\/div>\n","protected":false},"excerpt":{"rendered":"<p>\u00a0 Prezydent Miasta Starachowice Marek Materek oraz Park Kultury w Starachowicach serdecznie zapraszaj\u0105 na koncert &#8222;Navigare necesse est&#8221; po\u015bwi\u0119cony wybitnemu\u00a0 &hellip;<\/p>\n","protected":false},"author":3,"featured_media":1523,"comment_status":"open","ping_status":"open","sticky":true,"template":"","format":"standard","meta":{"footnotes":""},"categories":[2],"tags":[],"_links":{"self":[{"href":"https:\/\/utwstarachowice.pl\/index.php?rest_route=\/wp\/v2\/posts\/1524"}],"collection":[{"href":"https:\/\/utwstarachowice.pl\/index.php?rest_route=\/wp\/v2\/posts"}],"about":[{"href":"https:\/\/utwstarachowice.pl\/index.php?rest_route=\/wp\/v2\/types\/post"}],"author":[{"embeddable":true,"href":"https:\/\/utwstarachowice.pl\/index.php?rest_route=\/wp\/v2\/users\/3"}],"replies":[{"embeddable":true,"href":"https:\/\/utwstarachowice.pl\/index.php?rest_route=%2Fwp%2Fv2%2Fcomments&post=1524"}],"version-history":[{"count":0,"href":"https:\/\/utwstarachowice.pl\/index.php?rest_route=\/wp\/v2\/posts\/1524\/revisions"}],"wp:featuredmedia":[{"embeddable":true,"href":"https:\/\/utwstarachowice.pl\/index.php?rest_route=\/"}],"wp:attachment":[{"href":"https:\/\/utwstarachowice.pl\/index.php?rest_route=%2Fwp%2Fv2%2Fmedia&parent=1524"}],"wp:term":[{"taxonomy":"category","embeddable":true,"href":"https:\/\/utwstarachowice.pl\/index.php?rest_route=%2Fwp%2Fv2%2Fcategories&post=1524"},{"taxonomy":"post_tag","embeddable":true,"href":"https:\/\/utwstarachowice.pl\/index.php?rest_route=%2Fwp%2Fv2%2Ftags&post=1524"}],"curies":[{"name":"wp","href":"https:\/\/api.w.org\/{rel}","templated":true}]}}