{"id":1511,"date":"2023-01-10T17:13:57","date_gmt":"2023-01-10T16:13:57","guid":{"rendered":"https:\/\/utwstarachowice.pl\/2023\/01\/10\/co-to-jest-ekologia\/"},"modified":"2023-01-10T17:13:57","modified_gmt":"2023-01-10T16:13:57","slug":"co-to-jest-ekologia","status":"publish","type":"post","link":"https:\/\/utwstarachowice.pl\/?p=1511","title":{"rendered":"CO  TO  JEST  EKOLOGIA"},"content":{"rendered":"<div dir=\"auto\">10 stycznia -wtorek kolejne zaj\u0119cia sekcji Eko &#8211; Ogr\u00f3d uczestniczy\u0142o\u00a0 12 s\u0142uchaczy UTW.<\/div>\n<div dir=\"auto\">Wys\u0142uchali\u015bmy ciekawego wyk\u0142adu na temat ,,Co to jest ekologia&#8221;. Te zaj\u0119cia poprowadzi\u0142 uczestnik sekcji Eko &#8211; Ogr\u00f3d kol. Stanis\u0142aw Prokopiuk. Dowiedzieli\u015bmy si\u0119 czym zajmuje ekologia i ekolog, \u017ce pierwszym ekologiem by\u0142 Arystoteles a patronem ekologii jest \u015bw. Franciszek z Asy\u017cu. Kolega ten wyk\u0142ad poprowadzi\u0142 w bardzo ciekawy spos\u00f3b zach\u0119caj\u0105c nas do ochrony \u015brodowiska. Cz\u0142owiek \u017cyje dzi\u0119ki zasobom przyrody, wi\u0119c mamy o co dba\u0107 i walczy\u0107. Na ten temat by\u0142a te\u017c o\u017cywiona dyskusja za co dzi\u0119kujemy i oczekujemy nast\u0119pnych wyk\u0142ad\u00f3w. Zapraszamy za tydzie\u0144 na nast\u0119pne te\u017c interesuj\u0105ce spotkanie.<\/div>\n<div dir=\"auto\"><img decoding=\"async\" class=\" size-full wp-image-1486\" src=\"https:\/\/utwstarachowice.pl\/wp-content\/uploads\/2023\/01\/IMG20230110091227-scaled.jpg\" border=\"0\" width=\"512\" style=\"display: block; margin-left: auto; margin-right: auto;\" \/><\/div>\n<div dir=\"auto\"><img decoding=\"async\" class=\" size-full wp-image-1485\" src=\"https:\/\/utwstarachowice.pl\/wp-content\/uploads\/2023\/01\/IMG20230110100934-scaled.jpg\" border=\"0\" width=\"512\" style=\"display: block; margin-left: auto; margin-right: auto;\" \/><\/div>\n<div dir=\"auto\"><img decoding=\"async\" class=\" size-full wp-image-1510\" src=\"https:\/\/utwstarachowice.pl\/wp-content\/uploads\/2023\/01\/IMG20230110091149-scaled.jpg\" border=\"0\" width=\"512\" style=\"display: block; margin-left: auto; margin-right: auto;\" \/><\/div>\n","protected":false},"excerpt":{"rendered":"<p>10 stycznia -wtorek kolejne zaj\u0119cia sekcji Eko &#8211; Ogr\u00f3d uczestniczy\u0142o\u00a0 12 s\u0142uchaczy UTW. Wys\u0142uchali\u015bmy ciekawego wyk\u0142adu na temat ,,Co to &hellip;<\/p>\n","protected":false},"author":3,"featured_media":1486,"comment_status":"open","ping_status":"open","sticky":true,"template":"","format":"standard","meta":{"footnotes":""},"categories":[2],"tags":[],"_links":{"self":[{"href":"https:\/\/utwstarachowice.pl\/index.php?rest_route=\/wp\/v2\/posts\/1511"}],"collection":[{"href":"https:\/\/utwstarachowice.pl\/index.php?rest_route=\/wp\/v2\/posts"}],"about":[{"href":"https:\/\/utwstarachowice.pl\/index.php?rest_route=\/wp\/v2\/types\/post"}],"author":[{"embeddable":true,"href":"https:\/\/utwstarachowice.pl\/index.php?rest_route=\/wp\/v2\/users\/3"}],"replies":[{"embeddable":true,"href":"https:\/\/utwstarachowice.pl\/index.php?rest_route=%2Fwp%2Fv2%2Fcomments&post=1511"}],"version-history":[{"count":0,"href":"https:\/\/utwstarachowice.pl\/index.php?rest_route=\/wp\/v2\/posts\/1511\/revisions"}],"wp:featuredmedia":[{"embeddable":true,"href":"https:\/\/utwstarachowice.pl\/index.php?rest_route=\/"}],"wp:attachment":[{"href":"https:\/\/utwstarachowice.pl\/index.php?rest_route=%2Fwp%2Fv2%2Fmedia&parent=1511"}],"wp:term":[{"taxonomy":"category","embeddable":true,"href":"https:\/\/utwstarachowice.pl\/index.php?rest_route=%2Fwp%2Fv2%2Fcategories&post=1511"},{"taxonomy":"post_tag","embeddable":true,"href":"https:\/\/utwstarachowice.pl\/index.php?rest_route=%2Fwp%2Fv2%2Ftags&post=1511"}],"curies":[{"name":"wp","href":"https:\/\/api.w.org\/{rel}","templated":true}]}}