{"id":1508,"date":"2023-01-08T13:28:20","date_gmt":"2023-01-08T12:28:20","guid":{"rendered":"https:\/\/utwstarachowice.pl\/2023\/01\/08\/sekcja-wokalno-taneczna\/"},"modified":"2023-01-08T13:28:20","modified_gmt":"2023-01-08T12:28:20","slug":"sekcja-wokalno-taneczna","status":"publish","type":"post","link":"https:\/\/utwstarachowice.pl\/?p=1508","title":{"rendered":"SEKCJA  WOKALNO &#8211; TANECZNA"},"content":{"rendered":"<p><strong><span style=\"font-size: large;\">10.01.23.r (wtorek) o godz.10:30 rozpoczyna dzia\u0142alno\u015b\u0107 sekcja wokalno &#8211; taneczna pod kierownictwem Ma\u0142gorzaty Wyderskiej. Zapraszamy wszystkie osoby zapisane i zdecydowane na pierwsze spotkanie organizacyjne do siedziby\u00a0 UTW\u00a0 &#8211; sala 32.<\/span><\/strong><\/p>\n","protected":false},"excerpt":{"rendered":"<p>10.01.23.r (wtorek) o godz.10:30 rozpoczyna dzia\u0142alno\u015b\u0107 sekcja wokalno &#8211; taneczna pod kierownictwem Ma\u0142gorzaty Wyderskiej. Zapraszamy wszystkie osoby zapisane i zdecydowane &hellip;<\/p>\n","protected":false},"author":3,"featured_media":0,"comment_status":"open","ping_status":"open","sticky":true,"template":"","format":"standard","meta":{"footnotes":""},"categories":[1],"tags":[],"_links":{"self":[{"href":"https:\/\/utwstarachowice.pl\/index.php?rest_route=\/wp\/v2\/posts\/1508"}],"collection":[{"href":"https:\/\/utwstarachowice.pl\/index.php?rest_route=\/wp\/v2\/posts"}],"about":[{"href":"https:\/\/utwstarachowice.pl\/index.php?rest_route=\/wp\/v2\/types\/post"}],"author":[{"embeddable":true,"href":"https:\/\/utwstarachowice.pl\/index.php?rest_route=\/wp\/v2\/users\/3"}],"replies":[{"embeddable":true,"href":"https:\/\/utwstarachowice.pl\/index.php?rest_route=%2Fwp%2Fv2%2Fcomments&post=1508"}],"version-history":[{"count":0,"href":"https:\/\/utwstarachowice.pl\/index.php?rest_route=\/wp\/v2\/posts\/1508\/revisions"}],"wp:attachment":[{"href":"https:\/\/utwstarachowice.pl\/index.php?rest_route=%2Fwp%2Fv2%2Fmedia&parent=1508"}],"wp:term":[{"taxonomy":"category","embeddable":true,"href":"https:\/\/utwstarachowice.pl\/index.php?rest_route=%2Fwp%2Fv2%2Fcategories&post=1508"},{"taxonomy":"post_tag","embeddable":true,"href":"https:\/\/utwstarachowice.pl\/index.php?rest_route=%2Fwp%2Fv2%2Ftags&post=1508"}],"curies":[{"name":"wp","href":"https:\/\/api.w.org\/{rel}","templated":true}]}}