{"id":1506,"date":"2023-01-08T10:46:15","date_gmt":"2023-01-08T09:46:15","guid":{"rendered":"https:\/\/utwstarachowice.pl\/2023\/01\/08\/orszak-trzech-kroli\/"},"modified":"2023-01-08T10:46:15","modified_gmt":"2023-01-08T09:46:15","slug":"orszak-trzech-kroli","status":"publish","type":"post","link":"https:\/\/utwstarachowice.pl\/?p=1506","title":{"rendered":"ORSZAK  TRZECH  KR\u00d3LI"},"content":{"rendered":"<p>\u00a0<\/p>\n<p><span>Starachowiczanie t\u0142umnie wzi\u0119li udzia\u0142 w orszaku Trzech Kr\u00f3li. Zako\u0144czenie uroczysto\u015bci dzisiejszego \u015awi\u0119ta by\u0142o przy Stajence z Dzieci\u0105tkiem na Placu pod Ska\u0142kami. \u015apiew kol\u0119d i wyst\u0119py ch\u00f3ru Srebrne Nuty z UTW u\u015bwietni\u0142y t\u0105 uroczysto\u015b\u0107. Wyst\u0119p naszych Kole\u017canek i Koleg\u00f3w zosta\u0142\u00a0 wynagrodzony gromkimi brawami zgromadzonych mieszka\u0144c\u00f3w na Placu pod Ska\u0142kami.<\/span><\/p>\n<p>\u00a0<\/p>\n<p><span><img decoding=\"async\" class=\" size-full wp-image-224\" src=\"https:\/\/utwstarachowice.pl\/wp-content\/uploads\/2016\/11\/FB_IMG_1673016061299.jpg\" border=\"0\" width=\"512\" style=\"display: block; margin-left: auto; margin-right: auto;\" \/><\/span><\/p>\n<p>\u00a0<\/p>\n<p>\u00a0<\/p>\n<p><img decoding=\"async\" class=\" size-full wp-image-1505\" src=\"https:\/\/utwstarachowice.pl\/wp-content\/uploads\/2023\/01\/FB_IMG_1673016384234.jpg\" border=\"0\" width=\"512\" style=\"display: block; margin-left: auto; margin-right: auto;\" \/><\/p>\n<p><img decoding=\"async\" class=\" size-full wp-image-225\" src=\"https:\/\/utwstarachowice.pl\/wp-content\/uploads\/2016\/11\/FB_IMG_1673016317380.jpg\" border=\"0\" width=\"512\" style=\"display: block; margin-left: auto; margin-right: auto;\" \/><\/p>\n<p><img decoding=\"async\" class=\" size-full wp-image-226\" src=\"https:\/\/utwstarachowice.pl\/wp-content\/uploads\/2016\/11\/IMG20230106134901-scaled.jpg\" border=\"0\" width=\"512\" style=\"display: block; margin-left: auto; margin-right: auto;\" \/><\/p>\n","protected":false},"excerpt":{"rendered":"<p>\u00a0 Starachowiczanie t\u0142umnie wzi\u0119li udzia\u0142 w orszaku Trzech Kr\u00f3li. Zako\u0144czenie uroczysto\u015bci dzisiejszego \u015awi\u0119ta by\u0142o przy Stajence z Dzieci\u0105tkiem na Placu &hellip;<\/p>\n","protected":false},"author":3,"featured_media":224,"comment_status":"open","ping_status":"open","sticky":true,"template":"","format":"standard","meta":{"footnotes":""},"categories":[2],"tags":[],"_links":{"self":[{"href":"https:\/\/utwstarachowice.pl\/index.php?rest_route=\/wp\/v2\/posts\/1506"}],"collection":[{"href":"https:\/\/utwstarachowice.pl\/index.php?rest_route=\/wp\/v2\/posts"}],"about":[{"href":"https:\/\/utwstarachowice.pl\/index.php?rest_route=\/wp\/v2\/types\/post"}],"author":[{"embeddable":true,"href":"https:\/\/utwstarachowice.pl\/index.php?rest_route=\/wp\/v2\/users\/3"}],"replies":[{"embeddable":true,"href":"https:\/\/utwstarachowice.pl\/index.php?rest_route=%2Fwp%2Fv2%2Fcomments&post=1506"}],"version-history":[{"count":0,"href":"https:\/\/utwstarachowice.pl\/index.php?rest_route=\/wp\/v2\/posts\/1506\/revisions"}],"wp:featuredmedia":[{"embeddable":true,"href":"https:\/\/utwstarachowice.pl\/index.php?rest_route=\/"}],"wp:attachment":[{"href":"https:\/\/utwstarachowice.pl\/index.php?rest_route=%2Fwp%2Fv2%2Fmedia&parent=1506"}],"wp:term":[{"taxonomy":"category","embeddable":true,"href":"https:\/\/utwstarachowice.pl\/index.php?rest_route=%2Fwp%2Fv2%2Fcategories&post=1506"},{"taxonomy":"post_tag","embeddable":true,"href":"https:\/\/utwstarachowice.pl\/index.php?rest_route=%2Fwp%2Fv2%2Ftags&post=1506"}],"curies":[{"name":"wp","href":"https:\/\/api.w.org\/{rel}","templated":true}]}}