{"id":1472,"date":"2023-01-05T09:36:57","date_gmt":"2023-01-05T08:36:57","guid":{"rendered":"https:\/\/utwstarachowice.pl\/2023\/01\/05\/zaproszenie-do-udzialu-w-xix-zlazie-szlakami-powstancow-styczniowych-tropami-karola-kalety-rebajly\/"},"modified":"2023-01-05T09:36:57","modified_gmt":"2023-01-05T08:36:57","slug":"zaproszenie-do-udzialu-w-xix-zlazie-szlakami-powstancow-styczniowych-tropami-karola-kalety-rebajly","status":"publish","type":"post","link":"https:\/\/utwstarachowice.pl\/?p=1472","title":{"rendered":"ZAPROSZENIE  DO  UDZIA\u0141U  W XIX Z\u0141AZIE  SZLAKAMI  POWSTA\u0143C\u00d3W  STYCZNIOWYCH  TROPAMI  KAROLA  KALETY &#8222;R\u0118BAJ\u0141Y&#8221;"},"content":{"rendered":"<div id=\"v1gwpf933b482\">\n<div id=\"v1gwpf933b482h\">\n<div class=\"v1gwpf933b482b\">\n<div id=\"v1gwpf933b482_gwpf933b482\">\n<div id=\"v1gwpf933b482_gwpf933b482h\">\n<div class=\"v1gwpf933b482_gwpf933b482b\">\n<div id=\"v1gwpf933b482_gwpf933b482_gwpf933b482\">\n<div id=\"v1gwpf933b482_gwpf933b482_gwpf933b482h\">\n<div class=\"v1gwpf933b482_gwpf933b482_gwpf933b482b\">\n<div id=\"v1gwpf933b482_gwpf933b482_gwpf933b482_gwpf933b482\">\n<div id=\"v1gwpf933b482_gwpf933b482_gwpf933b482_gwpf933b482h\">\n<div class=\"v1gwpf933b482_gwpf933b482_gwpf933b482_gwpf933b482b\">\n<div id=\"v1gwpf933b482_gwpf933b482_gwpf933b482_gwpf933b482_gwpf933b482\">\n<div id=\"v1gwpf933b482_gwpf933b482_gwpf933b482_gwpf933b482_gwpf933b482h\">\n<div class=\"v1gwpf933b482_gwpf933b482_gwpf933b482_gwpf933b482_gwpf933b482b\">\n<div id=\"v1gwpf933b482_gwpf933b482_gwpf933b482_gwpf933b482_gwpf933b482_gwpf933b482\">\n<div id=\"v1gwpf933b482_gwpf933b482_gwpf933b482_gwpf933b482_gwpf933b482_gwpf933b482h\">\n<div class=\"v1gwpf933b482_gwpf933b482_gwpf933b482_gwpf933b482_gwpf933b482_gwpf933b482b\">\n<div id=\"v1gwpf933b482_gwpf933b482_gwpf933b482_gwpf933b482_gwpf933b482_gwpf933b482_gwpf933b482\">\n<div id=\"v1gwpf933b482_gwpf933b482_gwpf933b482_gwpf933b482_gwpf933b482_gwpf933b482_gwpf933b482h\">\n<div class=\"v1gwpf933b482_gwpf933b482_gwpf933b482_gwpf933b482_gwpf933b482_gwpf933b482_gwpf933b482b\">\n<div id=\"v1gwpf933b482_gwpf933b482_gwpf933b482_gwpf933b482_gwpf933b482_gwpf933b482_gwpf933b482_gwpf933b482\">\n<div id=\"v1gwpf933b482_gwpf933b482_gwpf933b482_gwpf933b482_gwpf933b482_gwpf933b482_gwpf933b482_gwpf933b482h\">\n<div class=\"v1gwpf933b482_gwpf933b482_gwpf933b482_gwpf933b482_gwpf933b482_gwpf933b482_gwpf933b482_gwpf933b482b\">\n<div id=\"v1gwpf933b482_gwpf933b482_gwpf933b482_gwpf933b482_gwpf933b482_gwpf933b482_gwpf933b482_gwpf933b482_gwpf933b482\">\n<div id=\"v1gwpf933b482_gwpf933b482_gwpf933b482_gwpf933b482_gwpf933b482_gwpf933b482_gwpf933b482_gwpf933b482_gwpf933b482h\">\n<div class=\"v1gwpf933b482_gwpf933b482_gwpf933b482_gwpf933b482_gwpf933b482_gwpf933b482_gwpf933b482_gwpf933b482_gwpf933b482b\">\n<div id=\"v1gwpf933b482_gwpf933b482_gwpf933b482_gwpf933b482_gwpf933b482_gwpf933b482_gwpf933b482_gwpf933b482_gwpf933b482_gwpf933b482\">\n<div id=\"v1gwpf933b482_gwpf933b482_gwpf933b482_gwpf933b482_gwpf933b482_gwpf933b482_gwpf933b482_gwpf933b482_gwpf933b482_gwpf933b482h\">\n<div class=\"v1gwpf933b482_gwpf933b482_gwpf933b482_gwpf933b482_gwpf933b482_gwpf933b482_gwpf933b482_gwpf933b482_gwpf933b482_gwpf933b482b\">Dzie\u0144 dobry.\u00a0<\/div>\n<\/div>\n<\/div>\n<\/div>\n<\/div>\n<\/div>\n<\/div>\n<\/div>\n<\/div>\n<\/div>\n<\/div>\n<\/div>\n<\/div>\n<\/div>\n<\/div>\n<\/div>\n<\/div>\n<\/div>\n<\/div>\n<\/div>\n<\/div>\n<\/div>\n<\/div>\n<\/div>\n<\/div>\n<\/div>\n<\/div>\n<\/div>\n<\/div>\n<\/div>\n<div>\n<div id=\"v1gwpf933b482\">\n<div id=\"v1gwpf933b482h\">\n<div class=\"v1gwpf933b482b\">\n<div id=\"v1gwpf933b482_gwpf933b482\">\n<div id=\"v1gwpf933b482_gwpf933b482h\">\n<div class=\"v1gwpf933b482_gwpf933b482b\">\n<div id=\"v1gwpf933b482_gwpf933b482_gwpf933b482\">\n<div id=\"v1gwpf933b482_gwpf933b482_gwpf933b482h\">\n<div class=\"v1gwpf933b482_gwpf933b482_gwpf933b482b\">\n<div id=\"v1gwpf933b482_gwpf933b482_gwpf933b482_gwpf933b482\">\n<div id=\"v1gwpf933b482_gwpf933b482_gwpf933b482_gwpf933b482h\">\n<div class=\"v1gwpf933b482_gwpf933b482_gwpf933b482_gwpf933b482b\">\n<div id=\"v1gwpf933b482_gwpf933b482_gwpf933b482_gwpf933b482_gwpf933b482\">\n<div id=\"v1gwpf933b482_gwpf933b482_gwpf933b482_gwpf933b482_gwpf933b482h\">\n<div class=\"v1gwpf933b482_gwpf933b482_gwpf933b482_gwpf933b482_gwpf933b482b\">\n<div id=\"v1gwpf933b482_gwpf933b482_gwpf933b482_gwpf933b482_gwpf933b482_gwpf933b482\">\n<div id=\"v1gwpf933b482_gwpf933b482_gwpf933b482_gwpf933b482_gwpf933b482_gwpf933b482h\">\n<div class=\"v1gwpf933b482_gwpf933b482_gwpf933b482_gwpf933b482_gwpf933b482_gwpf933b482b\">\n<div id=\"v1gwpf933b482_gwpf933b482_gwpf933b482_gwpf933b482_gwpf933b482_gwpf933b482_gwpf933b482\">\n<div id=\"v1gwpf933b482_gwpf933b482_gwpf933b482_gwpf933b482_gwpf933b482_gwpf933b482_gwpf933b482h\">\n<div class=\"v1gwpf933b482_gwpf933b482_gwpf933b482_gwpf933b482_gwpf933b482_gwpf933b482_gwpf933b482b\">\n<div id=\"v1gwpf933b482_gwpf933b482_gwpf933b482_gwpf933b482_gwpf933b482_gwpf933b482_gwpf933b482_gwpf933b482\">\n<div id=\"v1gwpf933b482_gwpf933b482_gwpf933b482_gwpf933b482_gwpf933b482_gwpf933b482_gwpf933b482_gwpf933b482h\">\n<div class=\"v1gwpf933b482_gwpf933b482_gwpf933b482_gwpf933b482_gwpf933b482_gwpf933b482_gwpf933b482_gwpf933b482b\">\n<div id=\"v1gwpf933b482_gwpf933b482_gwpf933b482_gwpf933b482_gwpf933b482_gwpf933b482_gwpf933b482_gwpf933b482_gwpf933b482\">\n<div id=\"v1gwpf933b482_gwpf933b482_gwpf933b482_gwpf933b482_gwpf933b482_gwpf933b482_gwpf933b482_gwpf933b482_gwpf933b482h\">\n<div class=\"v1gwpf933b482_gwpf933b482_gwpf933b482_gwpf933b482_gwpf933b482_gwpf933b482_gwpf933b482_gwpf933b482_gwpf933b482b\">\n<div id=\"v1gwpf933b482_gwpf933b482_gwpf933b482_gwpf933b482_gwpf933b482_gwpf933b482_gwpf933b482_gwpf933b482_gwpf933b482_gwpf933b482\">\n<div id=\"v1gwpf933b482_gwpf933b482_gwpf933b482_gwpf933b482_gwpf933b482_gwpf933b482_gwpf933b482_gwpf933b482_gwpf933b482_gwpf933b482h\">\n<div class=\"v1gwpf933b482_gwpf933b482_gwpf933b482_gwpf933b482_gwpf933b482_gwpf933b482_gwpf933b482_gwpf933b482_gwpf933b482_gwpf933b482b\">\n<div><span class=\"v1font\"><span class=\"v1size\"><span><span class=\"v1colour\">Staropolskie Towarzystwo Przyrodniczo-Le\u015bne \u201eKotyzka&#8221;<\/span><\/span>\u00a0ju\u017c po raz dziewi\u0119tnasty organizuje\u00a0<span><span class=\"v1colour\">Z\u0142az Turystyczny Szlakami Powsta\u0144c\u00f3w Styczniowych tropami Karola Kality &#8222;R\u0118BAJ\u0141Y&#8221;<\/span><\/span>, kt\u00f3ry odb\u0119dzie si\u0119 w dniu\u00a0<span>20 stycznia 2023 (pi\u0105tek)\u00a0<\/span><span class=\"v1colour\">do\u00a0<\/span>miejscowo\u015bci\u00a0<span>Lipie- Pod\u0142aziska w Powiecie Starachowickim.<\/span><\/span><\/span><\/div>\n<p class=\"v1gwpf933b482_gwpf933b482_gwpf933b482_gwpf933b482_gwpf933b482_gwpf933b482_gwpf933b482_gwpf933b482_gwpf933b482_gwpf933b482_MsoNormal\"><span class=\"v1font\"><span class=\"v1size\"><span>\u00a0\u00a0\u00a0\u00a0\u00a0\u00a0<\/span><span><span class=\"v1colour\">Z\u0142az\u00a0<\/span><\/span>adresowany jest przede wszystkim\u00a0<span>do dzieci i m\u0142odzie\u017cy<\/span>, kt\u00f3rym pragniemy przybli\u017ca\u0107\u00a0<span>histori\u0119 Powstania Styczniowego<\/span>, a<span>\u00a0\u00a0<\/span>szczeg\u00f3lnie\u00a0<span>te wydarzenia<\/span>\u00a0z nim zwi\u0105zane,<span>\u00a0kt\u00f3re mia\u0142y miejsce na terenie\u00a0<span class=\"v1colour\">powiatu Starachowickiego i I\u0142\u017ceckiego<\/span><\/span>.<\/span><\/span><\/p>\n<p class=\"v1gwpf933b482_gwpf933b482_gwpf933b482_gwpf933b482_gwpf933b482_gwpf933b482_gwpf933b482_gwpf933b482_gwpf933b482_gwpf933b482_MsoNormal\"><span class=\"v1font\"><span class=\"v1size\"><span>\u00a0\u00a0\u00a0\u00a0\u00a0<\/span>W<span>\u00a0\u00a0<\/span>poprzednich latach organizowana przez nas impreza cieszy\u0142a si\u0119 du\u017cym zainteresowaniem ze strony m\u0142odzie\u017cy, nauczycieli, senior\u00f3w, mi\u0142o\u015bnik\u00f3w turystyki oraz lokalnych samorz\u0105d\u00f3w. Bra\u0142o w niej udzia\u0142 nawet ponad trzystu uczestnik\u00f3w.<\/span><\/span><\/p>\n<div><span class=\"v1font\"><span class=\"v1size\"><span>\u00a0\u00a0\u00a0\u00a0\u00a0<\/span><span><span class=\"v1colour\">Trasy XIX Z\u0142azu<\/span><\/span>\u00a0przebiegaj\u0105 tradycyjnie po\u00a0<span>terenach Nadle\u015bnictw Starachowice i Marcule<\/span>.<\/span><\/span><\/div>\n<div><span class=\"v1font\"><span class=\"v1size\"><span>\u00a0 \u00a0 \u00a0 Poni\u017cej<\/span>\u00a0przesy\u0142amy cz\u0119\u015b\u0107 informacji dotycz\u0105cych\u00a0<span><span class=\"v1colour\">XIX Z\u0142azu<\/span><\/span>.<\/span><\/span><\/div>\n<div><span class=\"v1font\"><span class=\"v1size\">\u00a0 \u00a0 \u00a0\u00a0<span>Do pobrania\u00a0<\/span>jest\u00a0<span>karta zg\u0142oszenia\u00a0<\/span>na<span>\u00a0<span class=\"v1colour\">XIX Z\u0142az\u00a0<\/span><\/span>z naszego\u00a0<span>blogu\u00a0<\/span>:\u00a0<span><span class=\"v1colour\">kotyzka.blogspot.com<\/span><\/span><span><span><span class=\"v1colour\">\u00a0<\/span><\/span><\/span><span>\u00a0\u00a0<span><span class=\"v1colour\">Serdecznie zapraszamy !\u00a0 \u00a0\u00a0<\/span><\/span>\u00a0 \u00a0 \u00a0 \u00a0<\/span><\/span><\/span><\/div>\n<div><span class=\"v1font\"><span class=\"v1size\"><span>\u00a0 \u00a0 \u00a0 \u00a0 \u00a0<\/span>z up. Zarz\u0105du Stowarzyszenia<\/span><\/span><\/div>\n<div><em><span class=\"v1font\"><span class=\"v1size\"><span class=\"v1colour\"><span>\u00a0 \u00a0 \u00a0 \u00a0 \u00a0 \u00a0\u00a0<\/span><\/span><span><span class=\"v1colour\">Andrzej Jacek Tarnowski<\/span><\/span><\/span><\/span><\/em><\/div>\n<div><span><span class=\"v1font\"><span class=\"v1size\">P.S.<\/span><\/span><\/span><\/div>\n<div><span><span class=\"v1font\"><span class=\"v1size\"><span class=\"v1colour\">Za\u0142\u0105czamy najserdeczniejsze \u017cyczenia wszelkiej pomy\u015blno\u015bci w Nowym Roku.<\/span><\/span><\/span><\/span><span class=\"v1colour\"><br \/><\/span><em><span class=\"v1font\"><span class=\"v1size\"><span><span class=\"v1colour\">\u00a0<\/span><\/span><span class=\"v1colour\"><span>A.J.T.<\/span><\/span><\/span><\/span><\/em><\/div>\n<div><a href=\"https:\/\/kotyzka.blogspot.com\/2022\/12\/juz-w-styczniu-ixx-zaz-turystyczny.html\" target=\"_blank\" rel=\"noreferrer noopener\"><br class=\"v1gwpf933b482_gwpf933b482_gwpf933b482_gwpf933b482_gwpf933b482_gwpf933b482_gwpf933b482_Apple-interchange-newline\" \/>Ju\u017c 20 stycznia XIX Z\u0141AZ TURYSTYCZNY SZLAKAMI POWSTA\u0143COW STYCZNIOWYCH.<\/a><\/div>\n<\/div>\n<\/div>\n<\/div>\n<\/div>\n<\/div>\n<\/div>\n<\/div>\n<\/div>\n<\/div>\n<div id=\"v1gwpf933b482_gwpf933b482_gwpf933b482_gwpf933b482_gwpf933b482_gwpf933b482_gwpf933b482_post-body-758354826510029519\" class=\"v1gwpf933b482_gwpf933b482_gwpf933b482_gwpf933b482_gwpf933b482_gwpf933b482_gwpf933b482_post-body v1gwpf933b482_gwpf933b482_gwpf933b482_gwpf933b482_gwpf933b482_gwpf933b482_gwpf933b482_entry-content\">\n<p><span class=\"v1font\"><span class=\"v1size\">\u00a0 \u00a0Celem z\u0142azu jest uczczenie 160 rocznicy Czynu Powsta\u0144czego. Historycznym przes\u0142aniem z\u0142azu jest przywo\u0142anie dzia\u0142alno\u015bci trzech wybitnych przyw\u00f3dc\u00f3w powsta\u0144czych; Mariana Langiewicza, Dionizego Czachowskiego i Karola Kality. Wszyscy trzej walczyli i toczyli zwyci\u0119skie potyczki w okolicach Starachowic. Podczas ogniska zlotowego temat ten przybli\u017cy nam kolega Grzegorz Bernaciak<\/span><\/span><\/p>\n<div class=\"v1gwpf933b482_gwpf933b482_gwpf933b482_gwpf933b482_gwpf933b482_gwpf933b482_gwpf933b482_separator\">\n<p><span class=\"v1font\"><span class=\"v1colour\"><span class=\"v1size\">KOMENDA Z\u0141AZU<\/span><\/span><\/span><\/p>\n<p><span class=\"v1font\"><span class=\"v1colour\"><span class=\"v1size\">Rados\u0142aw Koniarz \u2013 komendant<\/span><\/span><\/span><\/p>\n<p><span class=\"v1font\"><span class=\"v1colour\"><span class=\"v1size\">Edward Imiela &#8211;\u00a0 sekretarz<\/span><\/span><\/span><\/p>\n<p><span class=\"v1font\"><span class=\"v1colour\"><span class=\"v1size\">Olga Garbacz-Kosior \u2013 skarbnik<\/span><\/span><\/span><\/p>\n<p><span class=\"v1font\"><span class=\"v1colour\"><span class=\"v1size\">Jacek Tarnowski \u2013 komendant placu<\/span><\/span><\/span><\/p>\n<p><span class=\"v1font\"><span class=\"v1colour\"><span class=\"v1size\">Rados\u0142aw P\u0142usa \u2013 ogniomistrz<\/span><\/span><\/span><\/p>\n<\/div>\n<\/div>\n<div class=\"v1gwpf933b482_gwpf933b482_gwpf933b482_gwpf933b482_gwpf933b482_gwpf933b482_gwpf933b482_date-posts\">\n<div class=\"v1gwpf933b482_gwpf933b482_gwpf933b482_gwpf933b482_gwpf933b482_gwpf933b482_gwpf933b482_post-outer\">\n<div class=\"v1gwpf933b482_gwpf933b482_gwpf933b482_gwpf933b482_gwpf933b482_gwpf933b482_gwpf933b482_post v1gwpf933b482_gwpf933b482_gwpf933b482_gwpf933b482_gwpf933b482_gwpf933b482_gwpf933b482_hentry v1gwpf933b482_gwpf933b482_gwpf933b482_gwpf933b482_gwpf933b482_gwpf933b482_gwpf933b482_uncustomized-post-template\">\n<div>\u00a0<\/div>\n<\/div>\n<\/div>\n<\/div>\n<div id=\"v1gwpf933b482_gwpf933b482_gwpf933b482_gwpf933b482_gwpf933b482_gwpf933b482_gwpf933b482_gwpf933b482\">\n<div id=\"v1gwpf933b482_gwpf933b482_gwpf933b482_gwpf933b482_gwpf933b482_gwpf933b482_gwpf933b482_gwpf933b482h\">\n<div class=\"v1gwpf933b482_gwpf933b482_gwpf933b482_gwpf933b482_gwpf933b482_gwpf933b482_gwpf933b482_gwpf933b482b\">\n<div id=\"v1gwpf933b482_gwpf933b482_gwpf933b482_gwpf933b482_gwpf933b482_gwpf933b482_gwpf933b482_gwpf933b482_gwpf933b482\">\n<div id=\"v1gwpf933b482_gwpf933b482_gwpf933b482_gwpf933b482_gwpf933b482_gwpf933b482_gwpf933b482_gwpf933b482_gwpf933b482h\">\n<div class=\"v1gwpf933b482_gwpf933b482_gwpf933b482_gwpf933b482_gwpf933b482_gwpf933b482_gwpf933b482_gwpf933b482_gwpf933b482b\">\n<div id=\"v1gwpf933b482_gwpf933b482_gwpf933b482_gwpf933b482_gwpf933b482_gwpf933b482_gwpf933b482_gwpf933b482_gwpf933b482_gwpf933b482\">\n<div id=\"v1gwpf933b482_gwpf933b482_gwpf933b482_gwpf933b482_gwpf933b482_gwpf933b482_gwpf933b482_gwpf933b482_gwpf933b482_gwpf933b482h\"><span class=\"v1highlight\"><span class=\"v1colour\"><span class=\"v1font\"><span class=\"v1size\"><span class=\"v1font\"><span class=\"v1colour\"><span class=\"v1size\">Trasy z\u0142azu, komendanci tras :<\/span><\/span><\/span><\/span><\/span><\/span><\/span><\/div>\n<\/div>\n<\/div>\n<\/div>\n<\/div>\n<\/div>\n<\/div>\n<\/div>\n<\/div>\n<\/div>\n<\/div>\n<p><span class=\"v1highlight\"><span class=\"v1colour\"><span class=\"v1font\"><span class=\"v1size\"><span class=\"v1font\"><span class=\"v1size\">Starachowicka\u00a0 &#8211; Tomasz Cygan tel.\u00a0 792 767 788<\/span><\/span><\/span><\/span><\/span><\/span><\/p>\n<p><span class=\"v1highlight\"><span class=\"v1colour\"><span class=\"v1font\"><span class=\"v1size\"><span class=\"v1font\"><span class=\"v1size\">W\u0105chocka\u00a0 \u00a0 \u00a0 \u00a0 \u00a0&#8211; Robert Pi\u00f3ro tel.\u00a0 535 700 767<\/span><\/span><\/span><\/span><\/span><\/span><\/p>\n<p><span class=\"v1highlight\"><span class=\"v1colour\"><span class=\"v1font\"><span class=\"v1size\"><span class=\"v1font\"><span class=\"v1size\">Mirzecka\u00a0 \u00a0 \u00a0 \u00a0 \u00a0 &#8211; Rados\u0142aw Koniarz tel.\u00a0 695 390 254<\/span><\/span><\/span><\/span><\/span><\/span><\/p>\n<p><span class=\"v1highlight\"><span class=\"v1colour\"><span class=\"v1font\"><span class=\"v1size\"><span class=\"v1font\"><span class=\"v1size\">Lubie\u0144ska\u00a0 \u00a0 \u00a0 \u00a0 \u00a0&#8211; S\u0142awomir Le\u015bniewski tel. 668 144 235<\/span><\/span><\/span><\/span><\/span><\/span><\/p>\n<p><span class=\"v1highlight\"><span class=\"v1colour\"><span class=\"v1font\"><span class=\"v1size\"><span class=\"v1font\"><span class=\"v1size\">I\u0142\u017cecka\u00a0 \u00a0 \u00a0 \u00a0 \u00a0 \u00a0 \u00a0 &#8211; A. Jacek Tarnowski tel.\u00a0 602 356 654<\/span><\/span><\/span><\/span><\/span><\/span><\/p>\n<div><span class=\"v1font\"><span class=\"v1size\"><span class=\"v1colour\">Miejsca i godzina startu tras :<\/span><\/span><\/span><\/div>\n<p><span class=\"v1highlight\"><span class=\"v1colour\"><span class=\"v1font\"><span class=\"v1size\"><span><span class=\"v1font\"><span class=\"v1size\">1. Starachowicka, &#8211; godz. 8:30, ul. I\u0142\u017cecka, obok wej\u015bcia do<\/span><\/span><\/span><\/span><\/span><\/span><\/span><\/p>\n<p><span class=\"v1highlight\"><span class=\"v1colour\"><span class=\"v1font\"><span class=\"v1size\"><span class=\"v1size\"><span class=\"v1font\">\u00a0 \u00a0<span>\u00a0<\/span>cmentarza &#8211; mogi\u0142a J\u00f3zefa Szajbo &#8211; rotmistrza kawalerii 1863<\/span><\/span><\/span><\/span><\/span><\/span><\/p>\n<p><span class=\"v1highlight\"><span class=\"v1colour\"><span class=\"v1font\"><span class=\"v1size\"><span><span class=\"v1font\"><span class=\"v1size\">2. W\u0105chocka, &#8211; godz. 9:00, ul. Ko\u015bcielna, przy pomniku Mariana<\/span><\/span><\/span><\/span><\/span><\/span><\/span><\/p>\n<p><span class=\"v1highlight\"><span class=\"v1colour\"><span class=\"v1font\"><span class=\"v1size\"><span class=\"v1size\"><span><span class=\"v1font\"><span>\u00a0 \u00a0\u00a0<\/span><\/span><\/span><span class=\"v1font\">Langiewicza<\/span><\/span><\/span><\/span><\/span><\/span><\/p>\n<p><span class=\"v1highlight\"><span class=\"v1colour\"><span class=\"v1font\"><span class=\"v1size\"><span><span class=\"v1font\"><span class=\"v1size\">3. Mirzecka, &#8211; godz.9:00 przy dworku Prendowskich w Mircu.\u00a0<\/span><\/span><\/span><\/span><\/span><\/span><\/span><\/p>\n<p><span class=\"v1highlight\"><span class=\"v1colour\"><span class=\"v1font\"><span class=\"v1size\"><span><span class=\"v1font\"><span class=\"v1size\">4. Lubie\u0144ska, &#8211; godz. 9:00 Szko\u0142a podstawowa w Lubieni<\/span><\/span><\/span><\/span><\/span><\/span><\/span><\/p>\n<p>\u00a0<\/p>\n<div><span class=\"v1font\"><span class=\"v1size\">5. I\u0142\u017cecka, &#8211; godz. 8:30, ul. \u015aw. Franciszka przy mogile\u00a0 powsta\u0144c\u00f3w 1863\u00a0<\/span><\/span><\/div>\n<div>\u00a0<\/div>\n<div><span class=\"v1highlight\"><span class=\"v1font\"><span class=\"v1size\"><span class=\"v1font\"><span class=\"v1size\"><span><span class=\"v1colour\">ZAPRASZAMY NA TRASY \u00a0PROWADZ\u0104CE DO &gt;POWSTA\u0143CZEGO OBOZU 1863&lt; NA &gt;POLANIE R\u0118BAJ\u0141Y&lt; W MIEJSCU ZLOTU NASZEGO Z\u0141AZU<\/span><\/span><\/span><\/span><\/span><\/span><\/span><\/div>\n<div>\u00a0<\/div>\n<\/div>\n<\/div>\n<div>\u00a0<\/div>\n<\/div>\n<\/div>\n<\/div>\n<\/div>\n<div>\u00a0<\/div>\n<\/div>\n<\/div>\n<\/div>\n<\/div>\n<\/div>\n<\/div>\n<\/div>\n<\/div>\n<\/div>\n<\/div>\n<\/div>\n<\/div>\n<div>\u00a0<\/div>\n<\/div>\n","protected":false},"excerpt":{"rendered":"<p>Dzie\u0144 dobry.\u00a0 Staropolskie Towarzystwo Przyrodniczo-Le\u015bne \u201eKotyzka&#8221;\u00a0ju\u017c po raz dziewi\u0119tnasty organizuje\u00a0Z\u0142az Turystyczny Szlakami Powsta\u0144c\u00f3w Styczniowych tropami Karola Kality &#8222;R\u0118BAJ\u0141Y&#8221;, kt\u00f3ry odb\u0119dzie &hellip;<\/p>\n","protected":false},"author":3,"featured_media":0,"comment_status":"open","ping_status":"open","sticky":true,"template":"","format":"standard","meta":{"footnotes":""},"categories":[2],"tags":[],"_links":{"self":[{"href":"https:\/\/utwstarachowice.pl\/index.php?rest_route=\/wp\/v2\/posts\/1472"}],"collection":[{"href":"https:\/\/utwstarachowice.pl\/index.php?rest_route=\/wp\/v2\/posts"}],"about":[{"href":"https:\/\/utwstarachowice.pl\/index.php?rest_route=\/wp\/v2\/types\/post"}],"author":[{"embeddable":true,"href":"https:\/\/utwstarachowice.pl\/index.php?rest_route=\/wp\/v2\/users\/3"}],"replies":[{"embeddable":true,"href":"https:\/\/utwstarachowice.pl\/index.php?rest_route=%2Fwp%2Fv2%2Fcomments&post=1472"}],"version-history":[{"count":0,"href":"https:\/\/utwstarachowice.pl\/index.php?rest_route=\/wp\/v2\/posts\/1472\/revisions"}],"wp:attachment":[{"href":"https:\/\/utwstarachowice.pl\/index.php?rest_route=%2Fwp%2Fv2%2Fmedia&parent=1472"}],"wp:term":[{"taxonomy":"category","embeddable":true,"href":"https:\/\/utwstarachowice.pl\/index.php?rest_route=%2Fwp%2Fv2%2Fcategories&post=1472"},{"taxonomy":"post_tag","embeddable":true,"href":"https:\/\/utwstarachowice.pl\/index.php?rest_route=%2Fwp%2Fv2%2Ftags&post=1472"}],"curies":[{"name":"wp","href":"https:\/\/api.w.org\/{rel}","templated":true}]}}