{"id":1466,"date":"2023-01-02T18:49:03","date_gmt":"2023-01-02T17:49:03","guid":{"rendered":"https:\/\/utwstarachowice.pl\/2023\/01\/02\/dzialania-projektowe\/"},"modified":"2023-01-02T18:49:03","modified_gmt":"2023-01-02T17:49:03","slug":"dzialania-projektowe","status":"publish","type":"post","link":"https:\/\/utwstarachowice.pl\/?p=1466","title":{"rendered":"DZIA\u0141ANIA PROJEKTOWE"},"content":{"rendered":"<p align=\"justify\">\u00a0Koordynatorem projektu jest Prezes UTW Jerzy Krawczyk.<\/p>\n<p align=\"justify\">Koordynator projektu w trakcie realizacji dzia\u0142a\u0144 czuwa\u0142 nad prawid\u0142ow\u0105 realizacj\u0105 zada\u0144 projektowych oraz czy na bie\u017c\u0105co archiwizowana jest dokumentacja projektowa, opisywane dokumenty finansowe, monitorowane wska\u017aniki projektu.<\/p>\n<p>\u00a0<\/p>\n<p>01.01-31.03.2022 r.<\/p>\n<p align=\"justify\">\u00a0W okresie sprawozdawczym:<\/p>\n<p>Prezes Zarz\u0105du Uniwersytetu Trzeciego Wieku w Starachowicach Pan Jerzy Krawczyk odby\u0142 wiele spotka\u0144, kt\u00f3re mia\u0142y na celu przygotowanie merytoryczne, koncepcyjne i prawne do wykonania przypisanych dzia\u0142a\u0144:<\/p>\n<p>&#8211; spotkanie w Sali Olimpia UM z Prezydentem Markiem Materkiem dotycz\u0105ce wprowadzenia w \u017cycie zawartej Umowy Partnerstwa Krajowego;<\/p>\n<p>&#8211; rozmowy z Wiceprezydentem Starachowic ds. spo\u0142ecznych Panem Marcinem Go\u0142\u0119biowskim i Pani\u0105 Malwin\u0105 Skrzyniarz- Pi\u00f3ro Kierownikiem Referatu Dzia\u0142alno\u015bci Gospodarczej i Zasob\u00f3w Lokalowych (wyznaczona przez Lidera Projektu do kontakt\u00f3w) dotycz\u0105ce wdro\u017cenia umowy do realizacji;<\/p>\n<p>&#8211; spotkanie z pracownikami UM w Starachowicach: Pani\u0105 Malwin\u0105 Skrzyniarz- Pi\u00f3ro, Panem Maciejem Myszk\u0105 i Panem Bartoszem Wojtasik w sprawie potrzeb UTW dotycz\u0105cych realizacji dzia\u0142ania;<\/p>\n<p>&#8211; spotkanie z Wicestarost\u0105 Powiatu Starachowickiego Panem Dariuszem D\u0105browskim w sprawie wytyczenia i przekazania terenu pod EKO-szko\u0142\u0119 \u2013 zielonego centrum aktywno\u015bci lokalnej;<\/p>\n<p>&#8211; spotkanie z Pani\u0105 El\u017cbiet\u0105 Kit\u0105 \u2013 Dyrektor Wydzia\u0142u Nieruchomo\u015bci i Ochrony \u015arodowiska Starostwa Powiatowego w Starachowicach i Panem geodet\u0105 ze SP \u2013 pomiary i wytyczenie terenu;<\/p>\n<p>&#8211; spotkanie w terenie z Panem Bartoszem Wojtasikiem \u2013 pracownikiem UM w Starachowicach w sprawie opracowania wst\u0119pnej koncepcji budowy EKO-szko\u0142y \u2013 zielonego centrum aktywno\u015bci lokalnej;<\/p>\n<p>&#8211; spotkanie z pracownikami UM Pani\u0105 Malwin\u0105 Skrzyniarz- Pi\u00f3ro i Panem Kamilem Stanosem w sprawie konsultacji dot. umowy na zatrudnienia koordynatora projektu, planowanych zmian w bud\u017cecie przedsi\u0119wzi\u0119cia i sprawozdawczo\u015bci. okresowej. W spotkaniu uczestniczyli: Pani Anna Tokarska \u2013 vice-prezes UTW, Pani Urszula Fia\u0142ek \u2013 skarbnik UTW, Pani Dorota Jantos \u2013 s\u0142uchacz UTW.<\/p>\n<p>Wynikiem merytorycznych spotka\u0144 i dyskusji Prezesa Zarz\u0105du Uniwersytetu Trzeciego Wieku w Starachowicach Pana Jerzego Krawczyka jest:<\/p>\n<p>&#8211; podj\u0119cie Uchwa\u0142y przez Rad\u0119 Powiatu w Starachowicach Nr XL\/319\/2022 z dnia 24.03.2022 r. w sprawie wyra\u017cenia zgody dla MOGiK na zawarcie umowy u\u017cyczenia grunt\u00f3w z UTW. Dzi\u0119ki temu uzyskano teren, na kt\u00f3rym wybudowany zostanie ogr\u00f3d zio\u0142owy oraz realizowane b\u0119d\u0105 pozosta\u0142e dzia\u0142ania projektowe;<\/p>\n<p>&#8211; opracowanie przez Pana Bartosza Wojtasika \u2013 pracownika UM w Starachowicach planu g\u0142\u00f3wnego \u2013 podstawowego rzutu z g\u00f3ry, na kt\u00f3rym rozmieszczony jest uk\u0142ad wszystkich element\u00f3w budowy EKO-szko\u0142y \u2013 zielonego centrum aktywno\u015bci lokalnej.<\/p>\n<p>\u00a0<\/p>\n<p align=\"justify\">W okresie sprawozdawczym nie wydatkowano \u015brodk\u00f3w finansowych. Na mocy Uchwa\u0142y Rady Powiatu w Starachowicach z dnia 24.03.2022 r. uzyskano gwarancj\u0119 nieodp\u0142atnego u\u017cytkowania gruntu przez 10 lat na cel budowy ogrodu zio\u0142owego. Stosunkowo p\u00f3\u017ana decyzja odno\u015bnie udostepnienia gruntu wp\u0142yn\u0119\u0142a na harmonogram dzia\u0142a\u0144. Prace zwi\u0105zane z budow\u0105 ogrodu realizowane b\u0119d\u0105 w kolejnych okresach rozliczeniowych.<\/p>\n<p align=\"justify\">\u00a0\u00a0<\/p>\n<p align=\"justify\">01.04-26.05.2022 r.<\/p>\n<p align=\"justify\">\u00a0W okresie sprawozdawczym:<\/p>\n<p align=\"justify\">&#8211; MOGiK w Starachowicach podpisa\u0142 z UTW w Starachowicach umow\u0119 u\u017cyczenia grunt\u00f3w na okres 10 lat \u2013 umowa z dnia 04.04.2022 r.<\/p>\n<p align=\"justify\">&#8211; rozpocz\u0119to budow\u0119 ogrodu spo\u0142eczno\u015bciowego wg koncepcji opracowanej przez Podinspektora Bartosza Wojtasika;<\/p>\n<p align=\"justify\">&#8211; zosta\u0142 opracowany harmonogram prac;<\/p>\n<p align=\"justify\">*Pierwszym etapem by\u0142o zerwanie darni z placu przeznaczonego na ogr\u00f3d spo\u0142eczno\u015bciowy przy wsp\u00f3\u0142pracy ze Sp\u00f3\u0142dzielni\u0105 Socjaln\u0105 \u201eStarachowiczanka\u201d<\/p>\n<p align=\"justify\">*Opracowano i wprowadzono w \u017cycie Uchwa\u0142\u0105 Zarz\u0105du UTW w Starachowicach Nr 1\/Z\/2022 z dnia 07.04.2022 r. \u201eRegulamin wydatkowania \u015brodk\u00f3w finansowych w odniesieniu do zakupu towar\u00f3w i us\u0142ug finansowanych ze \u015brodk\u00f3w publicznych, w tym dotacji pochodz\u0105cych z funduszy zagranicznych\u201d<\/p>\n<p align=\"justify\">Zosta\u0142o przeprowadzone badanie rynku dotycz\u0105ce: zakupu 11 du\u017cych donic (200x100x70) do uprawy ro\u015blin, zakupu narz\u0119dzi ogrodniczych (\u0142opaty sztych\u00f3wki, wid\u0142y ogrodnicze, grabie, grace, konewki, taczka, w\u0105\u017c ogrodniczy, r\u0119kawice oraz ma\u0142e narz\u0119dzia: \u0142opatki, pazurki, motyczki, grabki) i zakupu ziemi wraz z dowozem. Post\u0119powania prowadzone by\u0142y w procedurze uproszczonej i zosta\u0142y zrealizowane wg kryterium najni\u017cszej ceny brutto.<\/p>\n<p align=\"justify\">* Donice zosta\u0142y zmontowane przez wolontariuszy i 6 z nich zosta\u0142o ustawione w ramach wsp\u00f3\u0142pracy mi\u0119dzypokoleniowej (seniorzy z UTW +m\u0142odzie\u017c)<\/p>\n<p align=\"justify\">* Zawarto porozumienie z Technikum Nr 1 w Zespole Szk\u00f3\u0142 Zawodowych Nr 1 im. Mjr. H. Dobrza\u0144skiego \u201eHubala\u201d w Starachowicach w ramach kt\u00f3rego m\u0142odzie\u017c wraz z opiekunami na podstawie ustalonego harmonogramu realizuje zaj\u0119cia przedmiotowe bior\u0105c czynny udzia\u0142 obok senior\u00f3w wolontariuszy z UTW w plantowaniu terenu (niwelacja nier\u00f3wno\u015bci), wype\u0142nianiu donic uprawnych ziemi\u0105 i ich ustawieniu.<\/p>\n<p align=\"justify\">\u00a0<\/p>\n<p align=\"justify\">27.05-31.07.2022 r.<\/p>\n<p align=\"justify\">\u00a0W okresie sprawozdawczym:<\/p>\n<p align=\"justify\">* Dokonano niwelacji terenu przy pomocy wynaj\u0119tej koparki ze wzgl\u0119du na zbito\u015b\u0107 i ci\u0119\u017car zerwanej darni oraz wzniesienia i do\u0142y terenu, kt\u00f3re trzeba by\u0142o wyr\u00f3wna\u0107.<\/p>\n<p align=\"justify\">* Posadzono sadzonki ro\u015blin i zi\u00f3\u0142, kt\u00f3re pozyskano od s\u0142uchaczy UTW.<\/p>\n<p align=\"justify\">* Wykonano przy\u0142\u0105cze wodne do podlewania ogrodu i sfinansowano je z w\u0142asnych \u015brodk\u00f3w (kwota z\u0142 308,59 \u2013 FV F\/A\/180\/06\/22 z dn. 28.06.2022 r.)<\/p>\n<p align=\"justify\">* Sukcesywnie s\u0142uchacze UTW piel\u0119gnuj\u0105 ogr\u00f3d (podlewaj\u0105 \u2013 w czasie upa\u0142\u00f3w rano i wieczorem, piel\u0105, kosz\u0105 traw\u0119, grabi\u0105).<\/p>\n<p align=\"justify\">* W dniu 14.07.2022 r. Uchwal\u0105 Zarz\u0105du UTW Nr 4\/Z\/2022 powo\u0142ana zosta\u0142a sekcja \u201eECO-ogr\u00f3d\u201d. Cz\u0142onkowie sekcji sukcesywnie b\u0119d\u0105 wykonywa\u0107 prace piel\u0119gnacyjne w ogrodzie.<\/p>\n<p align=\"justify\">* W dniu 25.07.2022 r. odby\u0142o si\u0119 spotkanie sekcji z koordynatorem projektu na kt\u00f3rym zaplanowano kupno sadzonek zi\u00f3\u0142. Dokonano r\u00f3wnie\u017c wst\u0119pnej orientacji co do cen ro\u015blin. Zaplanowano wyjazd do gospodarstwa ogrodniczo \u2013 szk\u00f3\u0142karskiego w B\u0142azinach Dolnych w sprawie nawi\u0105zania wsp\u00f3\u0142pracy.<\/p>\n<p align=\"justify\">* W dniu 28.07.2022 r. cz\u0142onkowie grupy wraz z koordynatorem projektu odwiedzili PPHU \u201eRadem\u201d w B\u0142azinach Dolnych w celu wyboru ro\u015blinno\u015bci do nasadze\u0144.<\/p>\n<p align=\"justify\">\u00a0<\/p>\n<p align=\"justify\">01.08-31.10.2022 r.<\/p>\n<p>\u00a0W okresie sprawozdawczym:<\/p>\n<p align=\"justify\">* Sekcja \u201eECO-ogr\u00f3d\u201d tzn. jej cz\u0142onkowie sukcesywnie wykonywali prace piel\u0119gnacyjne w ogrodzie: podlewali \u2013 w czasie upa\u0142\u00f3w rano i wieczorem, pielili, kosili traw\u0119, grabili).<\/p>\n<p align=\"justify\">* Dokupiono ziemi\u0119 sian\u0105, obrze\u017ca elastyczne, mikro w\u0142\u00f3knin\u0119 czarn\u0105, szpilki do mocowania obrze\u017cy i w\u0142\u00f3kniny, cebulki narcyz, byliny, drzewa i krzewy ozdobne, sadzonki zi\u00f3\u0142, sosny kar\u0142owate, floksy szydlaste, kompost in i szczotk\u0119.<\/p>\n<p align=\"justify\">* S\u0142uchacze Uniwersytetu i uczniowie I klasy ZSZ nr 1 w Starachowicach o profilu architektura krajobrazu wraz z opiekunem (od m-ca wrze\u015bnia)<\/p>\n<p align=\"justify\">&#8211; oczy\u015bcili dzia\u0142k\u0119 z kamieni,<\/p>\n<p align=\"justify\">&#8211; uzupe\u0142nili ziemi\u0119 w donicach,<\/p>\n<p align=\"justify\">&#8211; rozplantowali ziemi\u0119 na grz\u0105dkach,<\/p>\n<p align=\"justify\">&#8211; dosadzili zio\u0142a w skrzyniach,<\/p>\n<p align=\"justify\">&#8211; roz\u0142o\u017cyli w spos\u00f3b planowy mikro w\u0142\u00f3knin\u0119 i obrze\u017ca,<\/p>\n<p align=\"justify\">&#8211; posadzili drzewa i krzewy ozdobne na rabatach i grz\u0105dkach.<\/p>\n<p align=\"justify\">* W dniu 04.10. 2022 r. w pracach przy urz\u0105dzaniu ECO ogrodu opr\u00f3cz s\u0142uchaczy UTW i uczni\u00f3w ZSZ nr 1 uczestniczyli: Prezydent Starachowic Marek Materek i Wiceprezydent Starachowic Marcin Go\u0142\u0119biowski. Posadzili na dzia\u0142ce sadzonki trawy ozdobnej i rozchodnika.<\/p>\n<p align=\"justify\">* W dniu 12.10.2022 r. w ECO ogrodzie go\u015bcili\u015bmy dzieci i m\u0142odzie\u017c wraz z opiekunem ze Specjalnego O\u015brodka Szkolno \u2013 Wychowawczego w Starachowicach. Cz\u0142onkowie sekcji \u201eECO \u2013 ogr\u00f3d\u201d i Prezes UTW Jerzy Krawczyk udzielili uczniom praktycznych porad dotycz\u0105cych upraw zi\u00f3\u0142 i ro\u015blin w naszym ogrodzie, a tak\u017ce wyg\u0142osili kr\u00f3tk\u0105 prelekcj\u0119 na temat skuteczno\u015bci dzia\u0142ania zi\u00f3\u0142 na organizm cz\u0142owieka.<\/p>\n<p align=\"justify\">W tym dniu go\u015bcili\u015bmy r\u00f3wnie\u017c TVP Kielce, kt\u00f3ra na swojej antenie zamie\u015bci\u0142a fotorelacj\u0119 promuj\u0105c\u0105 realizacj\u0119 projektu.<\/p>\n<p align=\"justify\">\u00a0<\/p>\n<p align=\"justify\">01.11-31.12.2022 r.<\/p>\n<p>\u00a0W okresie sprawozdawczym:<\/p>\n<p align=\"justify\">* Sekcja \u201eECO-ogr\u00f3d\u201d tzn. jej cz\u0142onkowie sukcesywnie wykonywali w ogrodzie prace piel\u0119gnacyjne i przygotowawcze do zimy:<\/p>\n<p align=\"justify\">&#8211; wysadzili ro\u015bliny (krzewy i kwiaty) ze skrzy\u0144 do gruntu;<\/p>\n<p align=\"justify\">&#8211; przycinali i zabezpieczali ro\u015bliny przed mrozami;<\/p>\n<p align=\"justify\">* Podczas cotygodniowych spotka\u0144 sekcja prowadzi\u0142a prace nad dalszym planem zagospodarowania ogrodu i realizacji zada\u0144 dot. w\/w umowy.<\/p>\n<p align=\"justify\">Zaplanowano na rok 2023 spotkania edukacyjne z dzie\u0107mi ze Specjalnego O\u015brodka Szkolno \u2013 Wychowawczego i z m\u0142odzie\u017c\u0105 z Zespo\u0142u szk\u00f3\u0142 Zawodowych Nr 1 nt. ekologii i sposobu upraw ekologicznych zi\u00f3\u0142.<\/p>\n<p align=\"justify\">\u00a0<\/p>\n<p>\u00a0W roku 2022 wydatkowano : 22.797,48 PLN = 4.854,45 EURO (40,41% planowanego bud\u017cetu)<\/p>\n<p>&#8211; bud\u017cet \u015brodk\u00f3w europejskich:19.377,85 PLN = 4.126,28 EURO (85%)<\/p>\n<p>&#8211; bud\u017cet pa\u0144stwa: 3.419,63 PLN = 728,17 EURO (15%)<\/p>\n<div><span>W okresie sprawozdawczym zadanie by\u0142o realizowane w spos\u00f3b wolontariacki \u2013 s\u0142uchacze UTW \u2013 cz\u0142onkowie sekcji EKO \u2013 OGR\u00d3D i m\u0142odzie\u017c ze Specjalnego O\u015brodka Szkolno \u2013 Wychowawczego w Starachowicach uczestniczyli w wyk\u0142adach prowadzonych przez s\u0142uchaczy UTW \u2013 pasjonat\u00f3w ogrodnictwa, zielarstwa i zdrowego \u017cywienia.<\/span><\/div>\n<div>\u00a0<\/div>\n<div><span>O1.01.2023 &#8211; 31.03.2023.<\/span><\/div>\n<div>\n<p class=\"gwpcecd6907_gmail-western\" align=\"justify\"><span style=\"color: #000000;\"><span style=\"font-family: Arial, sans-serif;\">21.02.2023 r. &#8211; kol. Stanis\u0142aw Prokopiuk przygotowa\u0142 degustacj\u0119 chleba w\u0142asnego wypieku z pastami warzywnymi w\u0142asnej roboty \u2013 w spotkaniu uczestniczy\u0142o 15 os\u00f3b.<\/span><\/span><\/p>\n<p class=\"gwpcecd6907_gmail-western\" align=\"justify\"><span style=\"color: #000000;\"><span style=\"font-family: Arial, sans-serif;\">28.02.2023 r. &#8211; wyk<\/span><\/span><span style=\"color: #000000;\"><span style=\"font-family: Arial, sans-serif;\">\u0142<\/span><\/span><span style=\"color: #000000;\"><span style=\"font-family: Arial, sans-serif;\">ad kol. Stanis\u0142awa Prokopiuka na temat \u201e<\/span><\/span><span style=\"color: #000000;\"><span style=\"font-family: Arial, sans-serif;\">Allelopatia w ogrodzie\u201d \u2013\u00a0<\/span><\/span><span style=\"color: #000000;\"><span style=\"font-family: Arial, sans-serif;\">pozytywny lub negatywny wp\u0142yw substancji chemicznych wydzielanych przez ro\u015bliny lub grzyby danego gatunku na inne organizmy\/gatunki.\u00a0<\/span><\/span><span style=\"color: #000000;\"><span style=\"font-family: Arial, sans-serif;\">W spotkaniu uczestniczy\u0142o 11 os\u00f3b.<\/span><\/span><\/p>\n<p class=\"gwpcecd6907_gmail-western\" align=\"justify\"><span style=\"color: #000000;\"><span style=\"font-family: Arial, sans-serif;\">07.03.2023 r. &#8211; wyk\u0142ad na temat \u201ePrace przygotowawcze w ogrodzie\u201d go\u015bcinnie przeprowadzi\u0142 pracownik Muzeum Przyrody i Techniki Pan Jacek Jaros dla 11 s\u0142uchaczy.<\/span><\/span><\/p>\n<p class=\"gwpcecd6907_gmail-western\" align=\"justify\"><span style=\"color: #000000;\"><span style=\"font-family: Arial, sans-serif;\">14.03.2023 r. &#8211;\u00a0<\/span><\/span><span style=\"color: #000000;\"><span style=\"font-family: Arial, sans-serif;\">wyk<\/span><\/span><span style=\"color: #000000;\"><span style=\"font-family: Arial, sans-serif;\">\u0142<\/span><\/span><span style=\"color: #000000;\"><span style=\"font-family: Arial, sans-serif;\">ad kol. Stanis\u0142awa Prokopiuka,\u00a0<\/span><\/span><span style=\"color: #000000;\"><span style=\"font-family: Arial, sans-serif;\">jego c\u00f3rki Pani Moniki i Pana Piotra \u2013 jej asystenta, kt\u00f3rzy zajmuj\u0105 si\u0119 zawodowo naturaln\u0105 medycyn\u0105<\/span><\/span><span style=\"color: #000000;\"><span style=\"font-family: Arial, sans-serif;\">\u00a0na temat: \u201e<\/span><\/span><span style=\"color: #000000;\"><span style=\"font-family: Arial, sans-serif;\">Aromaterapia\u201d. Wyja\u015bnili 18 uczestnikom spotkania m.in. jak dobiera\u0107 produkty aby osi\u0105gn\u0105\u0107 cel zdrowotny. W\u015br\u00f3d s\u0142uchaczy by\u0142a m\u0142odzie\u017c z SOSW.<\/span><\/span><\/p>\n<p class=\"gwpcecd6907_gmail-western\" align=\"justify\"><span style=\"color: #000000;\"><span style=\"font-family: Arial, sans-serif;\">21.03.2023 r. &#8211; wyk\u0142ad kol. Jerzego Krawczyka: \u201e<\/span><\/span><span style=\"color: #000000;\"><span style=\"font-family: Arial, sans-serif;\">Bazylia i jej w\u0142a\u015bciwo\u015bci\u201d. 18 uczestnik\u00f3w spotkania zapozna\u0142o si\u0119 ze sposobem uprawy bazylii i jej zdrowotnymi walorami.<\/span><\/span><\/p>\n<p class=\"gwpcecd6907_gmail-western\" align=\"justify\"><span style=\"color: #000000;\"><span style=\"font-family: Arial, sans-serif;\">28.03.2023 r. &#8211; wyk\u0142ad kol. dr Krystyny Dudkiewicz: \u201eSposoby zapylania ro\u015blin\u201d.<\/span><\/span><span>14 s\u0142uchaczy pozna\u0142o wiele ciekawostek z tej dziedziny m.in. o owadopylno\u015bci i jakie ro\u015bliny sadzi\u0107 w ogrodzie dla dzikich pszcz\u00f3\u0142.<\/span><\/p>\n<p class=\"gwpcecd6907_gmail-western\" align=\"justify\"><span style=\"color: #000000;\"><span style=\"font-family: Arial, sans-serif;\">* Sekcja \u201eECO-ogr\u00f3d\u201d tzn. jej cz\u0142onkowie sukcesywnie wykonywali w ogrodzie prace piel\u0119gnacyjne\u00a0<\/span><\/span><span style=\"color: #000000;\"><span style=\"font-family: Arial, sans-serif;\">i przygotowawcze do\u00a0<\/span><\/span><span style=\"color: #000000;\"><span style=\"font-family: Arial, sans-serif;\">wiosny:<\/span><\/span><\/p>\n<p class=\"gwpcecd6907_gmail-western\" align=\"justify\"><span style=\"color: #000000;\"><span style=\"font-family: Arial, sans-serif;\">&#8211;\u00a0<\/span><\/span><span style=\"color: #000000;\"><span style=\"font-family: Arial, sans-serif;\">grabienie li\u015bci\u00a0<\/span><\/span><span style=\"color: #000000;\"><span style=\"font-family: Arial, sans-serif;\">zgni\u0142ych po zimie;<\/span><\/span><\/p>\n<p class=\"gwpcecd6907_gmail-western\" align=\"justify\"><span style=\"color: #000000;\"><span style=\"font-family: Arial, sans-serif;\">&#8211; uzupe\u0142nianie ziemi w skrzyniach;<\/span><\/span><\/p>\n<p class=\"gwpcecd6907_gmail-western\" align=\"justify\"><span style=\"color: #000000;\"><span style=\"font-family: Arial, sans-serif;\">&#8211; wycinanie suchych p\u0119d\u00f3w i ga\u0142\u0119zi;<\/span><\/span><\/p>\n<p class=\"gwpcecd6907_gmail-western\" align=\"justify\"><span style=\"color: #000000;\"><span style=\"font-family: Arial, sans-serif;\">&#8211; przesadzanie i porz\u0105dkowanie zi\u00f3\u0142 w skrzyniach.<\/span><\/span><\/p>\n<p class=\"gwpcecd6907_gmail-western\" align=\"justify\"><span style=\"color: #000000;\"><span style=\"font-family: Arial, sans-serif;\">* Podczas cotygodniowych spotka\u0144 sekcja prowadzi\u0142a prace nad dalszym planem zagospodarowania ogrodu i realizacji zada\u0144 dot. w\/w umowy.<\/span><\/span><\/p>\n<p class=\"gwpcecd6907_gmail-western\" align=\"justify\">\u00a0<\/p>\n<p class=\"gwpcecd6907_gmail-western\" align=\"justify\"><span style=\"color: #000000;\"><span style=\"font-family: Arial, sans-serif;\">Zaplanowano\u00a0<\/span><\/span><span style=\"color: #000000;\"><span style=\"font-family: Arial, sans-serif;\">od kwietnia<\/span><\/span><span style=\"color: #000000;\"><span style=\"font-family: Arial, sans-serif;\">\u00a02023\u00a0<\/span><\/span><span style=\"color: #000000;\"><span style=\"font-family: Arial, sans-serif;\">realizacj\u0119 dalszych zakup\u00f3w tj. kory, nawoz\u00f3w, zi\u00f3\u0142 i innych ro\u015blin.<\/span><\/span><\/p>\n<p class=\"gwpcecd6907_gmail-western\" align=\"justify\"><span style=\"color: #000000;\"><span style=\"font-family: Arial, sans-serif;\">Koordynator czuwa\u0142 nad prawid\u0142ow\u0105 realizacj\u0105 zada\u0144 projektowych. Na bie\u017c\u0105co archiwizowana by\u0142a dokumentacja projektowa, opisywane dokumenty finansowe, monitorowane wska\u017aniki projektu.<\/span><\/span><\/p>\n<p class=\"gwpcecd6907_gmail-western\" align=\"justify\">\u00a0<\/p>\n<p class=\"gwpcecd6907_gmail-western\" align=\"justify\"><span style=\"color: #000000;\"><span style=\"font-family: Arial, sans-serif;\">* Wyp\u0142acono koordynatorowi projektu wynagrodzenie wraz z pochodnymi wynikaj\u0105ce z zawartej umowy za m-ce:\u00a0<\/span><\/span><span style=\"color: #000000;\"><span style=\"font-family: Arial, sans-serif;\">stycze\u0144, luty, marzec<\/span><\/span><span style=\"color: #000000;\"><span style=\"font-family: Arial, sans-serif;\">\u00a0<\/span><\/span><span style=\"color: #000000;\"><span style=\"font-family: Arial, sans-serif;\">202<\/span><\/span><span style=\"color: #000000;\"><span style=\"font-family: Arial, sans-serif;\">3<\/span><\/span><span style=\"color: #000000;\"><span style=\"font-family: Arial, sans-serif;\">\u00a0r.<\/span><\/span><\/p>\n<p class=\"gwpcecd6907_gmail-western\" align=\"justify\"><span style=\"color: #000000;\"><span style=\"font-family: Arial, sans-serif;\">Od pocz\u0105tku realizacji projektu do dnia 31.03.2023 r. wydatkowano:\u00a0<\/span><\/span><\/p>\n<p class=\"gwpcecd6907_gmail-western\" align=\"justify\"><span style=\"color: #000000;\"><span style=\"font-family: Arial, sans-serif;\">z\u0142 26.423,85<br \/>w tym bud\u017cet pa\u0144stwa\u00a0 z\u0142 3.963,62 i bud\u017cet \u015brodk\u00f3w europejskich\u00a0 z\u0142 22.460,23<\/span><\/span><\/p>\n<p class=\"gwpcecd6907_gmail-western\" align=\"justify\"><span style=\"color: #000000;\"><span style=\"font-family: Arial, sans-serif;\">\u00a0<\/span><\/span><\/p>\n<\/div>\n<p>\u00a0<\/p>\n","protected":false},"excerpt":{"rendered":"<p>\u00a0Koordynatorem projektu jest Prezes UTW Jerzy Krawczyk. Koordynator projektu w trakcie realizacji dzia\u0142a\u0144 czuwa\u0142 nad prawid\u0142ow\u0105 realizacj\u0105 zada\u0144 projektowych oraz &hellip;<\/p>\n","protected":false},"author":3,"featured_media":0,"comment_status":"open","ping_status":"open","sticky":true,"template":"","format":"standard","meta":{"footnotes":""},"categories":[7],"tags":[],"_links":{"self":[{"href":"https:\/\/utwstarachowice.pl\/index.php?rest_route=\/wp\/v2\/posts\/1466"}],"collection":[{"href":"https:\/\/utwstarachowice.pl\/index.php?rest_route=\/wp\/v2\/posts"}],"about":[{"href":"https:\/\/utwstarachowice.pl\/index.php?rest_route=\/wp\/v2\/types\/post"}],"author":[{"embeddable":true,"href":"https:\/\/utwstarachowice.pl\/index.php?rest_route=\/wp\/v2\/users\/3"}],"replies":[{"embeddable":true,"href":"https:\/\/utwstarachowice.pl\/index.php?rest_route=%2Fwp%2Fv2%2Fcomments&post=1466"}],"version-history":[{"count":0,"href":"https:\/\/utwstarachowice.pl\/index.php?rest_route=\/wp\/v2\/posts\/1466\/revisions"}],"wp:attachment":[{"href":"https:\/\/utwstarachowice.pl\/index.php?rest_route=%2Fwp%2Fv2%2Fmedia&parent=1466"}],"wp:term":[{"taxonomy":"category","embeddable":true,"href":"https:\/\/utwstarachowice.pl\/index.php?rest_route=%2Fwp%2Fv2%2Fcategories&post=1466"},{"taxonomy":"post_tag","embeddable":true,"href":"https:\/\/utwstarachowice.pl\/index.php?rest_route=%2Fwp%2Fv2%2Ftags&post=1466"}],"curies":[{"name":"wp","href":"https:\/\/api.w.org\/{rel}","templated":true}]}}