{"id":1455,"date":"2022-12-22T20:19:50","date_gmt":"2022-12-22T19:19:50","guid":{"rendered":"https:\/\/utwstarachowice.pl\/2022\/12\/22\/komunikaty-styczen-2023r\/"},"modified":"2022-12-22T20:19:50","modified_gmt":"2022-12-22T19:19:50","slug":"komunikaty-styczen-2023r","status":"publish","type":"post","link":"https:\/\/utwstarachowice.pl\/?p=1455","title":{"rendered":"KOMUNIKATY  &#8211; STYCZE\u0143  2023r"},"content":{"rendered":"<p><strong>\u00a0\u00a0\u00a0\u00a0\u00a0\u00a0\u00a0\u00a0\u00a0\u00a0\u00a0\u00a0\u00a0\u00a0\u00a0\u00a0\u00a0\u00a0\u00a0\u00a0\u00a0\u00a0\u00a0\u00a0\u00a0\u00a0\u00a0\u00a0\u00a0<span style=\"text-decoration: underline; font-size: large;\"> Komunikaty \u2013 stycze\u0144\u00a0 2023r.<\/span><\/strong><\/p>\n<p><span style=\"font-size: medium;\"><strong><span style=\"text-decoration: underline;\">\u00a0<\/span><\/strong><\/span><\/p>\n<p><span style=\"font-size: medium;\"><strong>05.01. ( czwartek) godz. 11:30\u00a0 \u201e Jak przechytrzy\u0107 drapie\u017cnika \u2013 sztuka znikania&#8221; -wyk\u0142ad Krystyny\u00a0 Dutkiewicz.<\/strong><\/span><\/p>\n<p><span style=\"font-size: medium;\"><strong><span style=\"text-decoration: underline;\">\u00a0<\/span><\/strong><\/span><\/p>\n<p><span style=\"font-size: medium;\"><strong>09. 01. ( poniedzia\u0142ek) godz.10:00 \u201e Blizny po zaborach\u201d. Wyk\u0142ad Paw\u0142a Ko\u0142odziejskiego.<\/strong><\/span><\/p>\n<p><span style=\"font-size: medium;\"><strong>\u00a0 \u00a0 \u00a0 \u00a0 \u00a0 \u00a0 \u00a0<\/strong><\/span><\/p>\n<p><span style=\"font-size: medium;\"><strong>10.01. \u2013 ( wtorek) godz.9:00 \u2013 W ramach sekcji EKO \u2013 OGR\u00d3D &#8211; wyk\u0142ad Stanis\u0142awa Prokopiuka pt. &#8222;Ekologia&#8221;.<\/strong><\/span><\/p>\n<p><span style=\"font-size: medium;\"><strong>\u00a0<\/strong><\/span><\/p>\n<p><span style=\"font-size: medium;\"><strong>10.01. ( wtorek) godz.12:00 &#8211; Sekcja\u00a0 literacka &#8222;Tradycyjne kol\u0119dowanie poetycko- muzyczne&#8221; &#8211;<\/strong><\/span><span style=\"font-size: medium;\"><strong>\u00a0 \u00a0prowadzi Dorota Kie\u0142ek.<\/strong><\/span><\/p>\n<p><span style=\"font-size: medium;\"><strong>\u00a0<\/strong><\/span><\/p>\n<p><span style=\"font-size: medium;\"><strong>12.01. ( czwartek) godz.11:30 geografia &#8211; wyk\u0142ad El\u017cbiety Durlej \u201e Islandia \u2013 gor\u0105cy kocio\u0142 pod\u00a0 lodem\u201d.<\/strong><\/span><\/p>\n<p><span style=\"font-size: medium;\"><strong>\u00a0 \u00a0 \u00a0 \u00a0 \u00a0 \u00a0 \u00a0<\/strong><\/span><\/p>\n<p><span style=\"font-size: medium;\"><strong>14.01. ( sobota) godz. 10:00 \u2013 Spacer na orientacj\u0119 w terenie przy u\u017cyciu r\u00f3\u017cnych technik(mapa, smartfon, GPS). Zbiorka godz.10:00 ul. Gliniana.<\/strong><\/span><strong style=\"font-size: medium;\">\u00a0 Prowadzi El\u017cbieta\u00a0 Durlej.\u00a0\u00a0<\/strong><\/p>\n<p><span style=\"font-size: medium;\"><strong>\u00a0 \u00a0 \u00a0 \u00a0 \u00a0\u00a0<\/strong><\/span><\/p>\n<p><span style=\"font-size: medium;\"><strong>16.01. ( poniedzia\u0142ek) godz.10:00. &#8222;Zdrowa \u017cywno\u015b\u0107 &#8211; flawonoidy ich wp\u0142yw na\u00a0 organizm&#8221;. Wyk\u0142ad Agnieszki Faby\u015b.<\/strong><\/span><\/p>\n<p><span style=\"font-size: medium;\"><strong>\u00a0<\/strong><\/span><\/p>\n<p><span style=\"font-size: medium;\"><strong>17.01. ( wtorek) godz.9:00 \u2013 W ramach sekcji EKO \u2013 OGR\u00d3D wyk\u0142ad Mieczys\u0142awa Maci\u0105ga &#8222;Sposoby\u00a0 upraw ekologicznych&#8221;.<\/strong><\/span><\/p>\n<p><span style=\"font-size: medium;\"><strong>\u00a0 \u00a0 \u00a0 \u00a0 \u00a0 \u00a0\u00a0<\/strong><\/span><\/p>\n<p><span style=\"font-size: medium;\"><strong>21.01. ( sobota ) Spacer edukacyjny \u015bladami Staszica \u2013 zbi\u00f3rka godz. 10:00 ul. Gliniana. Prowadzi El\u017cbieta Durlej. Ods\u0142oni\u0119cie geologiczne w Starachowicach.<\/strong><\/span><span style=\"font-size: medium;\"><strong>\u00a0Pasmo G\u00f3r\u00a0 \u015awi\u0119tokrzyskich widziane z platformy widokowej.\u00a0 \u00a0 \u00a0 \u00a0 \u00a0\u00a0<\/strong><\/span><\/p>\n<p><span style=\"font-size: medium;\"><strong>23.01. (poniedzia\u0142ek) godz.10:00 W\u0142adys\u0142aw Wagner \u2013 najs\u0142ynniejszy starachowicki \u017ceglarz. Wyk\u0142ad\u00a0 Wioletty Sobieraj.<\/strong><\/span><\/p>\n<p><span style=\"font-size: medium;\"><strong>\u00a0 \u00a0 \u00a0 \u00a0\u00a0<\/strong><\/span><\/p>\n<p><span style=\"font-size: medium;\"><strong>24. 01. ( wtorek) godz.9:00 \u2013 W ramach sekcji EKO \u2013 OGR\u00d3D\u00a0 -wyk\u0142ad Gra\u017cyny\u00a0 Urba\u0144skiej\u00a0 &#8222;Znaczenie i w\u0142a\u015bciwo\u015bci\u00a0 kolendry&#8221;.<\/strong><\/span><\/p>\n<p><span style=\"font-size: medium;\"><strong>\u00a0 \u00a0 \u00a0 \u00a0 \u00a0<\/strong><\/span><\/p>\n<p><span style=\"font-size: medium;\"><strong>26.01. (czwartek) godz. 11:30 geografia. Wyk\u0142ad El\u017cbiety Durlej &#8222;Europa \u2013 ma\u0142y kontynent\u00a0 przemys\u0142owych\u00a0 Gigant\u00f3w&#8221;.\u00a0 \u00a0 \u00a0 \u00a0 \u00a0<\/strong><\/span><\/p>\n<p><span style=\"font-size: medium;\"><strong>\u00a0 \u00a0 \u00a0 \u00a0 \u00a0<\/strong><\/span><\/p>\n<p><span style=\"font-size: medium;\"><strong>30.01. &#8211; ( poniedzia\u0142ek) godz.10:00 \u2013 &#8222;Bar &#8211; Partnerskie miasto Starachowic i Ukrainy&#8221;. Wyk\u0142ad Dariusza\u00a0 Dabrowskiego.<\/strong><\/span><\/p>\n<p><span style=\"font-size: medium;\"><strong>\u00a0 \u00a0 \u00a0 \u00a0 \u00a0 \u00a0\u00a0<\/strong><\/span><\/p>\n","protected":false},"excerpt":{"rendered":"<p>\u00a0\u00a0\u00a0\u00a0\u00a0\u00a0\u00a0\u00a0\u00a0\u00a0\u00a0\u00a0\u00a0\u00a0\u00a0\u00a0\u00a0\u00a0\u00a0\u00a0\u00a0\u00a0\u00a0\u00a0\u00a0\u00a0\u00a0\u00a0\u00a0 Komunikaty \u2013 stycze\u0144\u00a0 2023r. \u00a0 05.01. ( czwartek) godz. 11:30\u00a0 \u201e Jak przechytrzy\u0107 drapie\u017cnika \u2013 sztuka znikania&#8221; -wyk\u0142ad Krystyny\u00a0 &hellip;<\/p>\n","protected":false},"author":3,"featured_media":0,"comment_status":"open","ping_status":"open","sticky":true,"template":"","format":"standard","meta":{"footnotes":""},"categories":[2],"tags":[],"_links":{"self":[{"href":"https:\/\/utwstarachowice.pl\/index.php?rest_route=\/wp\/v2\/posts\/1455"}],"collection":[{"href":"https:\/\/utwstarachowice.pl\/index.php?rest_route=\/wp\/v2\/posts"}],"about":[{"href":"https:\/\/utwstarachowice.pl\/index.php?rest_route=\/wp\/v2\/types\/post"}],"author":[{"embeddable":true,"href":"https:\/\/utwstarachowice.pl\/index.php?rest_route=\/wp\/v2\/users\/3"}],"replies":[{"embeddable":true,"href":"https:\/\/utwstarachowice.pl\/index.php?rest_route=%2Fwp%2Fv2%2Fcomments&post=1455"}],"version-history":[{"count":0,"href":"https:\/\/utwstarachowice.pl\/index.php?rest_route=\/wp\/v2\/posts\/1455\/revisions"}],"wp:attachment":[{"href":"https:\/\/utwstarachowice.pl\/index.php?rest_route=%2Fwp%2Fv2%2Fmedia&parent=1455"}],"wp:term":[{"taxonomy":"category","embeddable":true,"href":"https:\/\/utwstarachowice.pl\/index.php?rest_route=%2Fwp%2Fv2%2Fcategories&post=1455"},{"taxonomy":"post_tag","embeddable":true,"href":"https:\/\/utwstarachowice.pl\/index.php?rest_route=%2Fwp%2Fv2%2Ftags&post=1455"}],"curies":[{"name":"wp","href":"https:\/\/api.w.org\/{rel}","templated":true}]}}