{"id":1454,"date":"2022-12-22T15:10:05","date_gmt":"2022-12-22T14:10:05","guid":{"rendered":"https:\/\/utwstarachowice.pl\/2022\/12\/22\/starachowickie-dni-prawnicze\/"},"modified":"2022-12-22T15:10:05","modified_gmt":"2022-12-22T14:10:05","slug":"starachowickie-dni-prawnicze","status":"publish","type":"post","link":"https:\/\/utwstarachowice.pl\/?p=1454","title":{"rendered":"STARACHOWICKIE  DNI  PRAWNICZE"},"content":{"rendered":"<p>\u00a0<\/p>\n<p>Notatka dotycz\u0105ca \u201e <strong>Starachowickich Dni Prawniczych<\/strong>\u201d kt\u00f3re odby\u0142y si\u0119 w Sali Olimpia \u2013 Urz\u0105d Miejski w Starachowicach w dniu 21 grudnia 2022 r. Z ramienia UTW uczestniczy\u0142y s\u0142uchaczki Helena Po\u017coga-Buchelt i Dorota Jantos.<\/p>\n<p>\u00a0\u00a0\u00a0\u00a0\u00a0\u00a0 <strong>\u00a0Wydarzenie \u00a0zorganizowa\u0142<\/strong> Prezydent Miasta Starachowice \u2013 Marek Materek i Starosta Starachowicki Piotr Ambroszczyk.<\/p>\n<p>\u00a0\u00a0 Przywita\u0142 i zaprezentowa\u0142 go\u015bci Prezydent Miasta Starachowice \u2013 Marek Materek. Prowadzi\u0142 p. Karol W\u00f3jcik.\u00a0<\/p>\n<p>\u00a0\u00a0Partnerami merytorycznymi byli:<\/p>\n<p><strong>Dr Pawe\u0142 \u015awital<\/strong>, Prodziekan Wydzia\u0142u Prawa i Administracji UTH w Radomiu pt.\u2019\u2019W\u0142\u0105czenie obywateli w procesy decyzyjne \u201e<\/p>\n<p>Prodziekan om\u00f3wi\u0142 prawa do uczestniczenia w \u017cyciu publicznym i znaczenie wsp\u00f3\u0142decydowania obywateli w sprawach publicznych spo\u0142eczno\u015bci, kt\u00f3rej jest cz\u0142onkiem.<\/p>\n<p>Wzmacnianie udzia\u0142u inicjatyw obywatelskich poprzez bud\u017cet obywatelski. Dialog z Rad\u0105 M\u0142odzie\u017cy i Rad\u0105 Senior\u00f3w jest szans\u0105 pozyskania akceptacji i zaufania do w\u0142adz lokalnych.<\/p>\n<p><strong>Mgr Sylwia D\u0105browska<\/strong>, prawnik Starostwa Powiatowego w Starachowicach \u2013 \u201e Reprezentacja gminy w post\u0119powaniu cywilnym i s\u0105dowo administracyjnym\u201d \u00a0przedstawi\u0142a zasadno\u015b\u0107 reprezentowania gminy w takich post\u0119powania z uwagi na specyfik\u0119.<\/p>\n<p><strong>Dr Angelika Kurzawa<\/strong>, Uczelnia \u0141azarskiego, Urz\u0105d Regulacji Energetyki \u2013 \u201ePrawne aspekty zwalczania ub\u00f3stwa energetycznego w \u015bwietle zada\u0144 w\u0142asnych i zleconych gminie\u201d<\/p>\n<p>Zwalczanie ub\u00f3stwa zaleci\u0142a Unia Europejska od 2020 r., w dobie aktualnego kryzysu i ma charakter czasowy. \u015arodki os\u0142onowe realizuje dzia\u0142alno\u015b\u0107 regionalna, bliska obywateli w ramach zada\u0144 w\u0142asnych i zleconych.<\/p>\n<p>Rycza\u0142t na zakup opa\u0142u jest zadaniem w\u0142asnym, dodatkiem mieszkaniowym. Pozosta\u0142e dodatki\u00a0 jak dodatek energetyczny, gazowy realizowane przez gmin\u0119 s\u0105 dzia\u0142aniami zleconymi, finansowanymi przez pa\u0144stwo.<\/p>\n<p><strong>Dr Dominik Borek<\/strong>, Ministerstwo Sportu i Turystyki \u2013 \u201eFunkcjonowanie\u00a0 lokalnych organizacji turystycznych\u201d, wymieni\u0142, \u017ce dotychczas nie ma w Starachowicach Lokalnej Organizacji Turystycznej, a szkoda bo Starachowice posiadaj\u0105 oryginaln\u0105 \u015bcie\u017ck\u0119\u00a0 samochod\u00f3w \u201eSTAR\u201d i corocznie s\u0105 przeznaczane na rozw\u00f3j turystyki coraz wy\u017csze \u015brodki. Bardzo skuteczn\u0105 form\u0105 promocji lokalnych walor\u00f3w jest udzia\u0142 w Targach Turystycznych.<\/p>\n<p><strong>ks. dr hab. S\u0142awomir Fundowicz<\/strong>, Kierownik Katedry Prawa Administracyjnego KUL \u2013 \u201ePromocja gminy przez klub sportowy\u201d. Najlepsz\u0105 form\u0105 promocji gminy jest ligowy klub sportowy z nazw\u0105 miejscowo\u015bci. Sport ma wa\u017cn\u0105 rang\u0119 w kulturze. Pobudza aktywno\u015b\u0107 i ma najwi\u0119ksz\u0105 ilo\u015b\u0107 odbiorc\u00f3w. Warto inwestowa\u0107 w sport.<\/p>\n<p>Wydarzenia podsumowa\u0142 Z-ca Prezydenta Miasta Starachowice, Marcin Go\u0142\u0119biowski, \u017ce te wa\u017cne sprawy dla gminy i spo\u0142eczno\u015bci lokalnej b\u0119d\u0105 kontynuowane w Panelach o r\u00f3\u017cnej tematyce.\u00a0<\/p>\n<p><img decoding=\"async\" class=\" size-full wp-image-1451\" src=\"https:\/\/utwstarachowice.pl\/wp-content\/uploads\/2022\/12\/received_1189369902006338.jpg\" border=\"0\" width=\"512\" style=\"display: block; margin-left: auto; margin-right: auto;\" \/><img decoding=\"async\" class=\" size-full wp-image-1452\" src=\"https:\/\/utwstarachowice.pl\/wp-content\/uploads\/2022\/12\/received_2078105202580214.jpg\" border=\"0\" width=\"512\" style=\"display: block; margin-left: auto; margin-right: auto;\" \/><img decoding=\"async\" class=\" size-full wp-image-1453\" src=\"https:\/\/utwstarachowice.pl\/wp-content\/uploads\/2022\/12\/received_552701673422574.jpg\" border=\"0\" width=\"512\" style=\"display: block; margin-left: auto; margin-right: auto;\" \/> \u00a0<\/p>\n","protected":false},"excerpt":{"rendered":"<p>\u00a0 Notatka dotycz\u0105ca \u201e Starachowickich Dni Prawniczych\u201d kt\u00f3re odby\u0142y si\u0119 w Sali Olimpia \u2013 Urz\u0105d Miejski w Starachowicach w dniu &hellip;<\/p>\n","protected":false},"author":3,"featured_media":1451,"comment_status":"open","ping_status":"open","sticky":true,"template":"","format":"standard","meta":{"footnotes":""},"categories":[2],"tags":[],"_links":{"self":[{"href":"https:\/\/utwstarachowice.pl\/index.php?rest_route=\/wp\/v2\/posts\/1454"}],"collection":[{"href":"https:\/\/utwstarachowice.pl\/index.php?rest_route=\/wp\/v2\/posts"}],"about":[{"href":"https:\/\/utwstarachowice.pl\/index.php?rest_route=\/wp\/v2\/types\/post"}],"author":[{"embeddable":true,"href":"https:\/\/utwstarachowice.pl\/index.php?rest_route=\/wp\/v2\/users\/3"}],"replies":[{"embeddable":true,"href":"https:\/\/utwstarachowice.pl\/index.php?rest_route=%2Fwp%2Fv2%2Fcomments&post=1454"}],"version-history":[{"count":0,"href":"https:\/\/utwstarachowice.pl\/index.php?rest_route=\/wp\/v2\/posts\/1454\/revisions"}],"wp:featuredmedia":[{"embeddable":true,"href":"https:\/\/utwstarachowice.pl\/index.php?rest_route=\/"}],"wp:attachment":[{"href":"https:\/\/utwstarachowice.pl\/index.php?rest_route=%2Fwp%2Fv2%2Fmedia&parent=1454"}],"wp:term":[{"taxonomy":"category","embeddable":true,"href":"https:\/\/utwstarachowice.pl\/index.php?rest_route=%2Fwp%2Fv2%2Fcategories&post=1454"},{"taxonomy":"post_tag","embeddable":true,"href":"https:\/\/utwstarachowice.pl\/index.php?rest_route=%2Fwp%2Fv2%2Ftags&post=1454"}],"curies":[{"name":"wp","href":"https:\/\/api.w.org\/{rel}","templated":true}]}}